{"id":30444,"date":"2025-05-21T14:37:27","date_gmt":"2025-05-21T11:37:27","guid":{"rendered":"https:\/\/www.egemtv.com\/?p=30444"},"modified":"2025-05-21T14:37:32","modified_gmt":"2025-05-21T11:37:32","slug":"muglada-bilim-fuari-acildi","status":"publish","type":"post","link":"https:\/\/www.egemtv.com\/?p=30444","title":{"rendered":"Mu\u011fla\u2019da bilim fuar\u0131 a\u00e7\u0131ld\u0131"},"content":{"rendered":"<p>Mu\u011fla\u2019da \u00f6\u011frencilerin bilimsel d\u00fc\u015f\u00fcnme ve \u00fcretme becerilerini geli\u015ftirmek amac\u0131yla d\u00fczenlenen Bilim Fuar\u0131, renkli g\u00f6r\u00fcnt\u00fclerle a\u00e7\u0131ld\u0131. \u00d6\u011frencilerin \u00f6\u011fretmenleriyle birlikte emek vererek haz\u0131rlad\u0131\u011f\u0131 projeler, kat\u0131l\u0131mc\u0131lardan b\u00fcy\u00fck be\u011feni toplad\u0131.<\/p>\n<p>A\u00e7\u0131l\u0131\u015fta konu\u015fan Mu\u011fla \u0130l Milli E\u011fitim M\u00fcd\u00fcr\u00fc Emre \u00c7ay, bilim fuarlar\u0131n\u0131n e\u011fitimdeki \u00f6nemine dikkat \u00e7ekerek \u015fu ifadeleri kulland\u0131: &#8220;Evet, bug\u00fcn en ba\u015fta k\u0131ymetli meslekta\u015flar\u0131m\u0131z ve gelece\u011fimizin umudu, yar\u0131nlar\u0131m\u0131z olan sevgili \u00f6\u011frencilerimizin b\u00fcy\u00fck emeklerle olu\u015fturdu\u011fu Bilim Fuar\u0131\u2019n\u0131 a\u00e7acak olmaktan dolay\u0131 duydu\u011fum heyecan ve mutlulu\u011fu dile getirmek istiyorum. Bilimin, ilimin \u0131\u015f\u0131\u011f\u0131nda \u00e7ocuklar\u0131m\u0131zla birlikte bu yolculukta y\u00fcr\u00fcmekten b\u00fcy\u00fck bir gurur duyuyoruz. Bu t\u00fcr etkinliklerin \u00f6\u011frencilerimizin geli\u015fimine b\u00fcy\u00fck katk\u0131 sa\u011flad\u0131\u011f\u0131na inan\u0131yorum&#8221;<\/p>\n<p>Bilim fuar\u0131 s\u00fcresince \u00f6\u011frenciler taraf\u0131ndan geli\u015ftirilen projeler, ziyaret\u00e7ilerin be\u011fenisine sunulacak. Etkinlik; bilime olan ilgiyi art\u0131rmay\u0131, \u00f6\u011frencilerin \u00f6zg\u00fcvenlerini peki\u015ftirmeyi ve bilimsel fark\u0131ndal\u0131k olu\u015fturmay\u0131 hedefliyor.<br \/><\/p>\n","protected":false},"excerpt":{"rendered":"<p>Mu\u011fla\u2019da \u00f6\u011frencilerin bilimsel d\u00fc\u015f\u00fcnme ve \u00fcretme becerilerini geli\u015ftirmek amac\u0131yla d\u00fczenlenen Bilim Fuar\u0131, renkli g\u00f6r\u00fcnt\u00fclerle a\u00e7\u0131ld\u0131. \u00d6\u011frencilerin \u00f6\u011fretmenleriyle birlikte emek vererek haz\u0131rlad\u0131\u011f\u0131 projeler, kat\u0131l\u0131mc\u0131lardan b\u00fcy\u00fck be\u011feni toplad\u0131. A\u00e7\u0131l\u0131\u015fta konu\u015fan Mu\u011fla \u0130l Milli E\u011fitim M\u00fcd\u00fcr\u00fc Emre \u00c7ay, bilim fuarlar\u0131n\u0131n e\u011fitimdeki \u00f6nemine dikkat \u00e7ekerek \u015fu ifadeleri kulland\u0131: &#8220;Evet, bug\u00fcn en ba\u015fta k\u0131ymetli meslekta\u015flar\u0131m\u0131z ve gelece\u011fimizin umudu, yar\u0131nlar\u0131m\u0131z olan&#8230;<\/p>\n","protected":false},"author":1,"featured_media":30445,"comment_status":"open","ping_status":"open","sticky":false,"template":"","format":"standard","meta":{"_crdt_document":"","footnotes":""},"categories":[1],"tags":[],"class_list":["post-30444","post","type-post","status-publish","format-standard","has-post-thumbnail","hentry","category-guncel"],"_links":{"self":[{"href":"https:\/\/www.egemtv.com\/index.php?rest_route=\/wp\/v2\/posts\/30444","targetHints":{"allow":["GET"]}}],"collection":[{"href":"https:\/\/www.egemtv.com\/index.php?rest_route=\/wp\/v2\/posts"}],"about":[{"href":"https:\/\/www.egemtv.com\/index.php?rest_route=\/wp\/v2\/types\/post"}],"author":[{"embeddable":true,"href":"https:\/\/www.egemtv.com\/index.php?rest_route=\/wp\/v2\/users\/1"}],"replies":[{"embeddable":true,"href":"https:\/\/www.egemtv.com\/index.php?rest_route=%2Fwp%2Fv2%2Fcomments&post=30444"}],"version-history":[{"count":1,"href":"https:\/\/www.egemtv.com\/index.php?rest_route=\/wp\/v2\/posts\/30444\/revisions"}],"predecessor-version":[{"id":30446,"href":"https:\/\/www.egemtv.com\/index.php?rest_route=\/wp\/v2\/posts\/30444\/revisions\/30446"}],"wp:featuredmedia":[{"embeddable":true,"href":"https:\/\/www.egemtv.com\/index.php?rest_route=\/wp\/v2\/media\/30445"}],"wp:attachment":[{"href":"https:\/\/www.egemtv.com\/index.php?rest_route=%2Fwp%2Fv2%2Fmedia&parent=30444"}],"wp:term":[{"taxonomy":"category","embeddable":true,"href":"https:\/\/www.egemtv.com\/index.php?rest_route=%2Fwp%2Fv2%2Fcategories&post=30444"},{"taxonomy":"post_tag","embeddable":true,"href":"https:\/\/www.egemtv.com\/index.php?rest_route=%2Fwp%2Fv2%2Ftags&post=30444"}],"curies":[{"name":"wp","href":"https:\/\/api.w.org\/{rel}","templated":true}]}}