{"id":30441,"date":"2025-05-21T13:57:33","date_gmt":"2025-05-21T10:57:33","guid":{"rendered":"https:\/\/www.egemtv.com\/?p=30441"},"modified":"2025-05-21T13:57:37","modified_gmt":"2025-05-21T10:57:37","slug":"bedia-muvahhit-en-iyi-dis-yapim-odulu-amadeusun","status":"publish","type":"post","link":"https:\/\/www.egemtv.com\/?p=30441","title":{"rendered":"Bedia Muvahhit \u2019En \u0130yi D\u0131\u015f Yap\u0131m \u00d6d\u00fcl\u00fc\u2019 Amadeus\u2019un"},"content":{"rendered":"<p>\u0130zmir\u2019de bu y\u0131l 13.\u2019s\u00fc d\u00fczenlenen Bedia Muvahhit Tiyatro \u00d6d\u00fclleri\u2019nin \u00f6zel \u00f6d\u00fcl\u00fc olan &#8220;En \u0130yi D\u0131\u015f Yap\u0131m \u00d6d\u00fcl\u00fc&#8221; Amadeus\u2019a verildi. \u00d6d\u00fcl, Sahne Tozu Tiyatrosu Kurucusu ve Genel Sanat Y\u00f6netmeni \u00c7a\u011flar \u0130\u015fg\u00f6ren taraf\u0131ndan \u00fcnl\u00fc sanat\u00e7\u0131 Sel\u00e7uk Y\u00f6ntem\u2019e takdim edildi.<br \/>\n<br \/>\u0130zmir\u2019in k\u00fclt\u00fcr ve sanat ya\u015fam\u0131nda \u00f6zel bir yeri olan Bedia Muvahhit Tiyatro \u00d6d\u00fclleri\u2019nin bu sene 13.\u2019s\u00fc d\u00fczenleniyor. Devlet tiyatrosu, \u015fehir tiyatrosu, belediye tiyatrolar\u0131 ve \u00f6zel tiyatrolar\u0131n sahneledi\u011fi oyunlar\u0131n de\u011ferlendirilmesi sonucu, t\u00f6rende \u00f6d\u00fcl alacak adaylar ge\u00e7ti\u011fimiz hafta belirlendi.<br \/>\n<br \/>Bedia Muvahhit Tiyatro \u00d6d\u00fclleri\u2019nin \u00f6zel \u00f6d\u00fcl\u00fc olan &#8220;En \u0130yi D\u0131\u015f Yap\u0131m \u00d6d\u00fcl\u00fc&#8221; Amadeus\u2019a lay\u0131k g\u00f6r\u00fcld\u00fc. T\u00f6renin d\u00fczenlenece\u011fi 26 May\u0131s\u2019ta Amadeus ekibi turnede olaca\u011f\u0131ndan, \u00f6d\u00fcl d\u00fcn ak\u015fam Sahne Tozu Tiyatrosu Kurucusu ve Genel Sanat Y\u00f6netmeni \u00c7a\u011flar \u0130\u015fg\u00f6ren taraf\u0131ndan \u00fcnl\u00fc sanat\u00e7\u0131 Sel\u00e7uk Y\u00f6ntem\u2019e takdim edildi. Sahnede sergilenen oyun sonras\u0131 \u00f6d\u00fcl\u00fc sunan \u00c7a\u011flar \u0130\u015fg\u00f6ren, &#8220;Bedia Muvahhit Tiyatro \u00d6d\u00fclleri, D\u00fcnya Tiyatro \u00d6d\u00fclleri listesine girmi\u015f \u0130zmir\u2019e ait bir \u00f6d\u00fcl t\u00f6renidir. Bu y\u0131l 13.\u2019s\u00fc d\u00fczenlenen Bedia Muvahhit Tiyatro \u00d6d\u00fclleri\u2019nde ilk defa bir \u00f6d\u00fcl olacakt\u0131r; bu \u00f6d\u00fcl\u00fcn ad\u0131 ise \u2019Bedia Muvahhit En \u0130yi D\u0131\u015f Yap\u0131m \u00d6d\u00fcl\u00fc\u2019d\u00fcr. T\u00fcrkiye\u2019nin d\u00f6rt bir yan\u0131ndan \u0130zmir\u2019e gelen yap\u0131mlar i\u00e7inden se\u00e7imini yapan j\u00fcrimiz, \u2019En \u0130yi D\u0131\u015f Yap\u0131m \u00d6d\u00fcl\u00fc\u2019n\u00fc Amadeus ekibine vermekten onur duyar.&#8221; dedi.<\/p>\n<p>\u00d6d\u00fcl\u00fc, Amadeus\u2019a ekibi ad\u0131na kabul etti<br \/>\n<br \/>\u00dcnl\u00fc oyuncu Sel\u00e7uk Y\u00f6ntem, Bedia Muvahhit Tiyatro \u00d6d\u00fclleri\u2019nin \u00e7ok sayg\u0131n oldu\u011funu ifade ederek, \u015funlar\u0131 s\u00f6yledi: &#8220;Bu \u00f6d\u00fcl\u00fc b\u00fct\u00fcn ekip ad\u0131na al\u0131yorum. Herkesin eme\u011fine \u00e7ok te\u015fekk\u00fcr ediyorum. Yap\u0131mc\u0131s\u0131ndan, y\u00f6netmeninden, korosundan, oyuncu arkada\u015flar\u0131ma kadar hepsini kutluyorum. Bizi de yaln\u0131z b\u0131rakmayan \u0130zmirliler\u2019e y\u00fcrekten te\u015fekk\u00fcr ediyorum.&#8221;<\/p>\n<p>\u00d6d\u00fcl t\u00f6reni 26 May\u0131s\u2019ta<br \/>\n<br \/>Bu arada, \u00f6d\u00fcl t\u00f6reni, 26 May\u0131s Pazartesi g\u00fcn\u00fc saat 20.00\u2019de Sahne Tozu Tiyatrosu ev sahipli\u011finde Haldun Dormen Sahnesi\u2019nde ger\u00e7ekle\u015fecek. Sunuculu\u011funu ba\u015far\u0131l\u0131 oyuncu Emre Basalak\u2019\u0131n \u00fcstlendi\u011fi geceye; t\u00f6renin sanat dan\u0131\u015fman\u0131 Haldun Dormen, onursal j\u00fcri ba\u015fkan\u0131 G\u00f6ksel Kortay, Sema Sarper, Mehmet Sarper, Zerrin Tekindor, Serpil G\u00fcnseli ve Meltem Cumbul onur konu\u011fu olarak kat\u0131lacak. \u00d6d\u00fcl t\u00f6reninin onursal j\u00fcri ba\u015fkanl\u0131\u011f\u0131n\u0131 G\u00f6ksel Kortay, j\u00fcri ba\u015fkanl\u0131\u011f\u0131n\u0131 ise Erkan Ergin \u00fcstleniyor.<br \/><\/p>\n","protected":false},"excerpt":{"rendered":"<p>\u0130zmir\u2019de bu y\u0131l 13.\u2019s\u00fc d\u00fczenlenen Bedia Muvahhit Tiyatro \u00d6d\u00fclleri\u2019nin \u00f6zel \u00f6d\u00fcl\u00fc olan &#8220;En \u0130yi D\u0131\u015f Yap\u0131m \u00d6d\u00fcl\u00fc&#8221; Amadeus\u2019a verildi. \u00d6d\u00fcl, Sahne Tozu Tiyatrosu Kurucusu ve Genel Sanat Y\u00f6netmeni \u00c7a\u011flar \u0130\u015fg\u00f6ren taraf\u0131ndan \u00fcnl\u00fc sanat\u00e7\u0131 Sel\u00e7uk Y\u00f6ntem\u2019e takdim edildi. \u0130zmir\u2019in k\u00fclt\u00fcr ve sanat ya\u015fam\u0131nda \u00f6zel bir yeri olan Bedia Muvahhit Tiyatro \u00d6d\u00fclleri\u2019nin bu sene 13.\u2019s\u00fc d\u00fczenleniyor. Devlet&#8230;<\/p>\n","protected":false},"author":1,"featured_media":30442,"comment_status":"open","ping_status":"open","sticky":false,"template":"","format":"standard","meta":{"_crdt_document":"","footnotes":""},"categories":[1],"tags":[],"class_list":["post-30441","post","type-post","status-publish","format-standard","has-post-thumbnail","hentry","category-guncel"],"_links":{"self":[{"href":"https:\/\/www.egemtv.com\/index.php?rest_route=\/wp\/v2\/posts\/30441","targetHints":{"allow":["GET"]}}],"collection":[{"href":"https:\/\/www.egemtv.com\/index.php?rest_route=\/wp\/v2\/posts"}],"about":[{"href":"https:\/\/www.egemtv.com\/index.php?rest_route=\/wp\/v2\/types\/post"}],"author":[{"embeddable":true,"href":"https:\/\/www.egemtv.com\/index.php?rest_route=\/wp\/v2\/users\/1"}],"replies":[{"embeddable":true,"href":"https:\/\/www.egemtv.com\/index.php?rest_route=%2Fwp%2Fv2%2Fcomments&post=30441"}],"version-history":[{"count":1,"href":"https:\/\/www.egemtv.com\/index.php?rest_route=\/wp\/v2\/posts\/30441\/revisions"}],"predecessor-version":[{"id":30443,"href":"https:\/\/www.egemtv.com\/index.php?rest_route=\/wp\/v2\/posts\/30441\/revisions\/30443"}],"wp:featuredmedia":[{"embeddable":true,"href":"https:\/\/www.egemtv.com\/index.php?rest_route=\/wp\/v2\/media\/30442"}],"wp:attachment":[{"href":"https:\/\/www.egemtv.com\/index.php?rest_route=%2Fwp%2Fv2%2Fmedia&parent=30441"}],"wp:term":[{"taxonomy":"category","embeddable":true,"href":"https:\/\/www.egemtv.com\/index.php?rest_route=%2Fwp%2Fv2%2Fcategories&post=30441"},{"taxonomy":"post_tag","embeddable":true,"href":"https:\/\/www.egemtv.com\/index.php?rest_route=%2Fwp%2Fv2%2Ftags&post=30441"}],"curies":[{"name":"wp","href":"https:\/\/api.w.org\/{rel}","templated":true}]}}