{"id":30438,"date":"2025-05-21T13:57:27","date_gmt":"2025-05-21T10:57:27","guid":{"rendered":"https:\/\/www.egemtv.com\/?p=30438"},"modified":"2025-05-21T13:57:33","modified_gmt":"2025-05-21T10:57:33","slug":"hisarcikta-okul-veli-el-ele-eylem-plani-ziyaretleri","status":"publish","type":"post","link":"https:\/\/www.egemtv.com\/?p=30438","title":{"rendered":"Hisarc\u0131k\u2019ta Okul Veli, El Ele Eylem Plan\u0131 ziyaretleri"},"content":{"rendered":"<p>Hisarc\u0131k Maarif Projesi, &#8220;Okul Veli, El Ele Eylem Plan\u0131&#8221; \u00e7er\u00e7evesinde Atat\u00fcrk \u0130lkokulunda veli ziyaretlerinin devam etti\u011fi bildirildi.<br \/>\n<br \/>Projeyle ilgili a\u00e7\u0131klamalarda bulunan Okul M\u00fcd\u00fcr\u00fc Pelin Solak, &#8220;E\u011fitimin \u00fc\u00e7 temel unsurundan biri olan velilerimizin e\u011fitimlerini sa\u011flayarak \u00e7ocuklar\u0131n e\u011fitimlerine katk\u0131lar\u0131 y\u00f6n\u00fcnde var olan eksikliklerin telafisi ve e\u011fitimde \u00d6\u011fretmen-\u00f6\u011frenci-veli i\u015fbirli\u011finin etkinle\u015ftirilerek ba\u015far\u0131lar\u0131n\u0131n art\u0131r\u0131lmas\u0131n\u0131 sa\u011flamak amac\u0131yla okul idaresi ve \u00f6\u011fretmenlerimizle velilerimizi evlerinde ziyaret ediyoruz. Bu sayede \u00e7ocu\u011fun ve ailenin ya\u015fad\u0131\u011f\u0131 ortam\u0131 ve imkanlar\u0131n\u0131 g\u00f6rme, aileyi daha iyi tan\u0131ma f\u0131rsat\u0131 buluyoruz. Onlar\u0131 programa dahil ederek, ekibin bir par\u00e7as\u0131 olduklar\u0131 hissini veriyoruz &#8221; dedi.<br \/><\/p>\n","protected":false},"excerpt":{"rendered":"<p>Hisarc\u0131k Maarif Projesi, &#8220;Okul Veli, El Ele Eylem Plan\u0131&#8221; \u00e7er\u00e7evesinde Atat\u00fcrk \u0130lkokulunda veli ziyaretlerinin devam etti\u011fi bildirildi. Projeyle ilgili a\u00e7\u0131klamalarda bulunan Okul M\u00fcd\u00fcr\u00fc Pelin Solak, &#8220;E\u011fitimin \u00fc\u00e7 temel unsurundan biri olan velilerimizin e\u011fitimlerini sa\u011flayarak \u00e7ocuklar\u0131n e\u011fitimlerine katk\u0131lar\u0131 y\u00f6n\u00fcnde var olan eksikliklerin telafisi ve e\u011fitimde \u00d6\u011fretmen-\u00f6\u011frenci-veli i\u015fbirli\u011finin etkinle\u015ftirilerek ba\u015far\u0131lar\u0131n\u0131n art\u0131r\u0131lmas\u0131n\u0131 sa\u011flamak amac\u0131yla okul idaresi ve \u00f6\u011fretmenlerimizle&#8230;<\/p>\n","protected":false},"author":1,"featured_media":30439,"comment_status":"open","ping_status":"open","sticky":false,"template":"","format":"standard","meta":{"_crdt_document":"","footnotes":""},"categories":[1],"tags":[],"class_list":["post-30438","post","type-post","status-publish","format-standard","has-post-thumbnail","hentry","category-guncel"],"_links":{"self":[{"href":"https:\/\/www.egemtv.com\/index.php?rest_route=\/wp\/v2\/posts\/30438","targetHints":{"allow":["GET"]}}],"collection":[{"href":"https:\/\/www.egemtv.com\/index.php?rest_route=\/wp\/v2\/posts"}],"about":[{"href":"https:\/\/www.egemtv.com\/index.php?rest_route=\/wp\/v2\/types\/post"}],"author":[{"embeddable":true,"href":"https:\/\/www.egemtv.com\/index.php?rest_route=\/wp\/v2\/users\/1"}],"replies":[{"embeddable":true,"href":"https:\/\/www.egemtv.com\/index.php?rest_route=%2Fwp%2Fv2%2Fcomments&post=30438"}],"version-history":[{"count":1,"href":"https:\/\/www.egemtv.com\/index.php?rest_route=\/wp\/v2\/posts\/30438\/revisions"}],"predecessor-version":[{"id":30440,"href":"https:\/\/www.egemtv.com\/index.php?rest_route=\/wp\/v2\/posts\/30438\/revisions\/30440"}],"wp:featuredmedia":[{"embeddable":true,"href":"https:\/\/www.egemtv.com\/index.php?rest_route=\/wp\/v2\/media\/30439"}],"wp:attachment":[{"href":"https:\/\/www.egemtv.com\/index.php?rest_route=%2Fwp%2Fv2%2Fmedia&parent=30438"}],"wp:term":[{"taxonomy":"category","embeddable":true,"href":"https:\/\/www.egemtv.com\/index.php?rest_route=%2Fwp%2Fv2%2Fcategories&post=30438"},{"taxonomy":"post_tag","embeddable":true,"href":"https:\/\/www.egemtv.com\/index.php?rest_route=%2Fwp%2Fv2%2Ftags&post=30438"}],"curies":[{"name":"wp","href":"https:\/\/api.w.org\/{rel}","templated":true}]}}