{"id":30432,"date":"2025-05-21T13:17:25","date_gmt":"2025-05-21T10:17:25","guid":{"rendered":"https:\/\/www.egemtv.com\/?p=30432"},"modified":"2025-05-21T13:17:34","modified_gmt":"2025-05-21T10:17:34","slug":"polis-kacak-alkollu-icki-ve-mermi-ele-gecirdi","status":"publish","type":"post","link":"https:\/\/www.egemtv.com\/?p=30432","title":{"rendered":"Polis ka\u00e7ak alkoll\u00fc i\u00e7ki ve mermi ele ge\u00e7irdi"},"content":{"rendered":"<p>Afyonkarahisar\u2019da polis taraf\u0131ndan bir \u015fahs\u0131n adresine d\u00fczenlenen bask\u0131nda 72 adet ka\u00e7ak oldu\u011fu de\u011ferlendirilen alkoll\u00fc i\u00e7ki ele ge\u00e7irildi.<br \/>\n<br \/>Edinilen bilgilere g\u00f6re, ald\u0131klar\u0131 bir ihbar \u00fczerine harekete ge\u00e7en \u0130l Emniyet M\u00fcd\u00fcrl\u00fc\u011f\u00fcne ba\u011fl\u0131 ekipler kent merkezinde bir adrese bask\u0131n d\u00fczenledi. Bask\u0131nda arama yapan ekipler 72 adet ka\u00e7ak oldu\u011fu de\u011ferlendirilen alkoll\u00fc i\u00e7ki ile 293 adet mermi ele ge\u00e7irdi. Olay\u0131n ard\u0131ndan g\u00f6zalt\u0131na al\u0131nan \u015fahs\u0131n i\u015flemlerinin devam etti\u011fi bildirildi.<br \/><\/p>\n","protected":false},"excerpt":{"rendered":"<p>Afyonkarahisar\u2019da polis taraf\u0131ndan bir \u015fahs\u0131n adresine d\u00fczenlenen bask\u0131nda 72 adet ka\u00e7ak oldu\u011fu de\u011ferlendirilen alkoll\u00fc i\u00e7ki ele ge\u00e7irildi. Edinilen bilgilere g\u00f6re, ald\u0131klar\u0131 bir ihbar \u00fczerine harekete ge\u00e7en \u0130l Emniyet M\u00fcd\u00fcrl\u00fc\u011f\u00fcne ba\u011fl\u0131 ekipler kent merkezinde bir adrese bask\u0131n d\u00fczenledi. Bask\u0131nda arama yapan ekipler 72 adet ka\u00e7ak oldu\u011fu de\u011ferlendirilen alkoll\u00fc i\u00e7ki ile 293 adet mermi ele ge\u00e7irdi. Olay\u0131n&#8230;<\/p>\n","protected":false},"author":1,"featured_media":30433,"comment_status":"open","ping_status":"open","sticky":false,"template":"","format":"standard","meta":{"_crdt_document":"","footnotes":""},"categories":[5],"tags":[],"class_list":["post-30432","post","type-post","status-publish","format-standard","has-post-thumbnail","hentry","category-asayis"],"_links":{"self":[{"href":"https:\/\/www.egemtv.com\/index.php?rest_route=\/wp\/v2\/posts\/30432","targetHints":{"allow":["GET"]}}],"collection":[{"href":"https:\/\/www.egemtv.com\/index.php?rest_route=\/wp\/v2\/posts"}],"about":[{"href":"https:\/\/www.egemtv.com\/index.php?rest_route=\/wp\/v2\/types\/post"}],"author":[{"embeddable":true,"href":"https:\/\/www.egemtv.com\/index.php?rest_route=\/wp\/v2\/users\/1"}],"replies":[{"embeddable":true,"href":"https:\/\/www.egemtv.com\/index.php?rest_route=%2Fwp%2Fv2%2Fcomments&post=30432"}],"version-history":[{"count":1,"href":"https:\/\/www.egemtv.com\/index.php?rest_route=\/wp\/v2\/posts\/30432\/revisions"}],"predecessor-version":[{"id":30434,"href":"https:\/\/www.egemtv.com\/index.php?rest_route=\/wp\/v2\/posts\/30432\/revisions\/30434"}],"wp:featuredmedia":[{"embeddable":true,"href":"https:\/\/www.egemtv.com\/index.php?rest_route=\/wp\/v2\/media\/30433"}],"wp:attachment":[{"href":"https:\/\/www.egemtv.com\/index.php?rest_route=%2Fwp%2Fv2%2Fmedia&parent=30432"}],"wp:term":[{"taxonomy":"category","embeddable":true,"href":"https:\/\/www.egemtv.com\/index.php?rest_route=%2Fwp%2Fv2%2Fcategories&post=30432"},{"taxonomy":"post_tag","embeddable":true,"href":"https:\/\/www.egemtv.com\/index.php?rest_route=%2Fwp%2Fv2%2Ftags&post=30432"}],"curies":[{"name":"wp","href":"https:\/\/api.w.org\/{rel}","templated":true}]}}