{"id":30429,"date":"2025-05-21T13:17:21","date_gmt":"2025-05-21T10:17:21","guid":{"rendered":"https:\/\/www.egemtv.com\/?p=30429"},"modified":"2025-05-21T13:17:25","modified_gmt":"2025-05-21T10:17:25","slug":"tatar-buyuksehir-69-yillik-degeri-yikmak-yerine-denizliye-kazandirmali","status":"publish","type":"post","link":"https:\/\/www.egemtv.com\/?p=30429","title":{"rendered":"Tatar; &#8220;B\u00fcy\u00fck\u015fehir, 69 y\u0131ll\u0131k de\u011feri y\u0131kmak yerine Denizli\u2019ye kazand\u0131rmal\u0131&#8221;"},"content":{"rendered":"<p>DEN\u0130ZL\u0130 (\u0130HA) \u2013 Denizli B\u00fcy\u00fck\u015fehir Belediyesi, 1956 y\u0131l\u0131nda in\u015fa edilen Merkez Kapal\u0131 Spor Salonu i\u00e7in y\u0131k\u0131m karar\u0131 ald\u0131. Karara tepki g\u00f6steren Denizlispor eski Ba\u015fkanlar\u0131ndan Mehmet U\u011fur Tatar, &#8220;Denizli\u2019miz ile \u00f6zde\u015fle\u015fen bir yap\u0131n\u0131n restore edilerek hizmete sunulmas\u0131n\u0131n daha uygun olaca\u011f\u0131na inan\u0131yorum&#8221; dedi.<\/p>\n<p>Denizli B\u00fcy\u00fck\u015fehir Belediyesi, Pamukkale il\u00e7esine ba\u011fl\u0131 15 May\u0131s Mahallesi\u2019nde Gazi Mustafa Kemal Bulvar\u0131nda bulunan ve 69 y\u0131ld\u0131r Denizli sporuna hizmet veren Merkez Kapal\u0131 Spor Salonu i\u00e7in y\u0131k\u0131m karar\u0131 ald\u0131. Y\u0131k\u0131lacak olan yap\u0131n\u0131n yerine et\u00fct merkezi, modern spor sahas\u0131 ve k\u00fclt\u00fcrel etkinlikler i\u00e7in yeni bir yap\u0131 yap\u0131laca\u011f\u0131 belirtildi.<br \/>\n<br \/>M\u00fclkiyeti Denizli B\u00fcy\u00fck\u015fehir Belediyesine ait olan ta\u015f\u0131nmaz\u0131n y\u0131k\u0131m\u0131 i\u00e7in yap\u0131lacak ihalede belirlenen tahmini bedel 500 bin TL olarak a\u00e7\u0131kland\u0131. Y\u0131k\u0131m i\u015flemi, hurda kar\u015f\u0131l\u0131\u011f\u0131 a\u00e7\u0131k teklif usul\u00fc art\u0131rma y\u00f6ntemiyle 22 May\u0131s Per\u015fembe g\u00fcn\u00fc saat 10.10\u2019da Denizli B\u00fcy\u00fck\u015fehir Belediyesi Enc\u00fcmen Salonunda yap\u0131lacak ihaleyle ger\u00e7ekle\u015ftirilecek.<\/p>\n<p>&#8220;\u0130nsanlar\u0131 kentlere ba\u011flayan yap\u0131lard\u0131r&#8221;<br \/>\n<br \/>Denizli ile \u00f6zde\u015fle\u015fen ve kentin en hareketli b\u00f6lgesinde bulunan tarihi yap\u0131 i\u00e7in al\u0131nan y\u0131k\u0131m karar\u0131 tepkileri de beraberinde getirdi. Yap\u0131n\u0131n kent tarihi \u00f6nemine i\u015faret eden Denizlispor eski Ba\u015fkanlar\u0131ndan i\u015f adam\u0131 Mehmet U\u011fur Tatar, &#8220;\u0130nsanlar\u0131, do\u011fup b\u00fcy\u00fcd\u00fckleri ya\u015fad\u0131klar\u0131 kentlere ba\u011flayan, an\u0131lar\u0131n\u0131 yad edebilecekleri eserlerin, yap\u0131lar\u0131n varl\u0131\u011f\u0131d\u0131r. Bunlar\u0131n kaybolmas\u0131 demek \u015fehrin kimli\u011finin kaybolmas\u0131 demektir ki, bu da \u015fehrin ulusal ve uluslararas\u0131 alanda ziyaret\u00e7i \u00e7ekicili\u011fini engelleyen \u00f6nemli handikaplardan biridir. \u015eehrimizin kimli\u011finin korunmas\u0131 yolunda en az\u0131ndan Bayramyeri\u2019nden Delikli\u00e7\u0131nar\u2019a kadar olan g\u00fczergah ile \u00c7ayba\u015f\u0131 Caddesinin dokusu korunmal\u0131yd\u0131 diye d\u00fc\u015f\u00fcn\u00fcyorum. Denizli\u2019miz ile \u00f6zde\u015fle\u015fen bir yap\u0131n\u0131n restore edilerek, hizmete sunulmas\u0131n\u0131n daha uygun olaca\u011f\u0131na inan\u0131yorum&#8221; \u015feklinde konu\u015ftu.<br \/><\/p>\n","protected":false},"excerpt":{"rendered":"<p>DEN\u0130ZL\u0130 (\u0130HA) \u2013 Denizli B\u00fcy\u00fck\u015fehir Belediyesi, 1956 y\u0131l\u0131nda in\u015fa edilen Merkez Kapal\u0131 Spor Salonu i\u00e7in y\u0131k\u0131m karar\u0131 ald\u0131. Karara tepki g\u00f6steren Denizlispor eski Ba\u015fkanlar\u0131ndan Mehmet U\u011fur Tatar, &#8220;Denizli\u2019miz ile \u00f6zde\u015fle\u015fen bir yap\u0131n\u0131n restore edilerek hizmete sunulmas\u0131n\u0131n daha uygun olaca\u011f\u0131na inan\u0131yorum&#8221; dedi. Denizli B\u00fcy\u00fck\u015fehir Belediyesi, Pamukkale il\u00e7esine ba\u011fl\u0131 15 May\u0131s Mahallesi\u2019nde Gazi Mustafa Kemal Bulvar\u0131nda bulunan&#8230;<\/p>\n","protected":false},"author":1,"featured_media":30430,"comment_status":"open","ping_status":"open","sticky":false,"template":"","format":"standard","meta":{"_crdt_document":"","footnotes":""},"categories":[4],"tags":[],"class_list":["post-30429","post","type-post","status-publish","format-standard","has-post-thumbnail","hentry","category-spor"],"_links":{"self":[{"href":"https:\/\/www.egemtv.com\/index.php?rest_route=\/wp\/v2\/posts\/30429","targetHints":{"allow":["GET"]}}],"collection":[{"href":"https:\/\/www.egemtv.com\/index.php?rest_route=\/wp\/v2\/posts"}],"about":[{"href":"https:\/\/www.egemtv.com\/index.php?rest_route=\/wp\/v2\/types\/post"}],"author":[{"embeddable":true,"href":"https:\/\/www.egemtv.com\/index.php?rest_route=\/wp\/v2\/users\/1"}],"replies":[{"embeddable":true,"href":"https:\/\/www.egemtv.com\/index.php?rest_route=%2Fwp%2Fv2%2Fcomments&post=30429"}],"version-history":[{"count":1,"href":"https:\/\/www.egemtv.com\/index.php?rest_route=\/wp\/v2\/posts\/30429\/revisions"}],"predecessor-version":[{"id":30431,"href":"https:\/\/www.egemtv.com\/index.php?rest_route=\/wp\/v2\/posts\/30429\/revisions\/30431"}],"wp:featuredmedia":[{"embeddable":true,"href":"https:\/\/www.egemtv.com\/index.php?rest_route=\/wp\/v2\/media\/30430"}],"wp:attachment":[{"href":"https:\/\/www.egemtv.com\/index.php?rest_route=%2Fwp%2Fv2%2Fmedia&parent=30429"}],"wp:term":[{"taxonomy":"category","embeddable":true,"href":"https:\/\/www.egemtv.com\/index.php?rest_route=%2Fwp%2Fv2%2Fcategories&post=30429"},{"taxonomy":"post_tag","embeddable":true,"href":"https:\/\/www.egemtv.com\/index.php?rest_route=%2Fwp%2Fv2%2Ftags&post=30429"}],"curies":[{"name":"wp","href":"https:\/\/api.w.org\/{rel}","templated":true}]}}