{"id":30426,"date":"2025-05-21T13:17:17","date_gmt":"2025-05-21T10:17:17","guid":{"rendered":"https:\/\/www.egemtv.com\/?p=30426"},"modified":"2025-05-21T13:17:21","modified_gmt":"2025-05-21T10:17:21","slug":"kutahyada-oryantiring-yarislari-sehir-merkezinde-gerceklesti","status":"publish","type":"post","link":"https:\/\/www.egemtv.com\/?p=30426","title":{"rendered":"K\u00fctahya\u2019da oryantiring yar\u0131\u015flar\u0131 \u015fehir merkezinde ger\u00e7ekle\u015fti"},"content":{"rendered":"<p>K\u00fctahya Gen\u00e7lik ve Spor \u0130l M\u00fcd\u00fcrl\u00fc\u011f\u00fc\u2019n\u00fcn 15-21 May\u0131s Gen\u00e7lik Haftas\u0131 etkinlikleri kapsam\u0131nda organize etti\u011fi oryantiring yar\u0131\u015fmalar\u0131, sporun heyecan\u0131n\u0131 \u015fehir merkezine ta\u015f\u0131d\u0131.<br \/>\n<br \/>Bekir Avlup\u0131nar Caddesi (Kafeler Caddesi) \u00fczerinde kurulan yakla\u015f\u0131k 2 kilometrelik parkurda, 7 farkl\u0131 kategoride k\u0131yas\u0131ya bir m\u00fccadele ya\u015fand\u0131. Gen\u00e7lik Haftas\u0131 co\u015fkusuyla birle\u015fen oryantiring yar\u0131\u015fmalar\u0131, K\u00fctahyal\u0131 vatanda\u015flar\u0131n da yo\u011fun ilgisini \u00e7ekti. Harita yard\u0131m\u0131yla belirlenen hedefleri en k\u0131sa s\u00fcrede ve do\u011fru bir \u015fekilde tamamlamak i\u00e7in yar\u0131\u015fan sporcular, hem zihinsel hem de fiziksel becerilerini sergilediler. 7 kategorinin yar\u0131\u015ft\u0131\u011f\u0131 bu parkurda ter d\u00f6ken kat\u0131l\u0131mc\u0131lar, fini\u015f \u00e7izgisine ula\u015fman\u0131n heyecan\u0131n\u0131 ya\u015fad\u0131.<br \/>\n<br \/>Yar\u0131\u015fmalar\u0131n sonunda, kategorilerinde dereceye giren ba\u015far\u0131l\u0131 sporculara \u00f6d\u00fclleri takdim edildi. \u00d6d\u00fcl t\u00f6reninde gen\u00e7 sporcular\u0131n sevinci g\u00f6r\u00fclmeye de\u011ferdi. K\u00fctahya Gen\u00e7lik ve Spor \u0130l M\u00fcd\u00fcr\u00fc B\u00fclent K\u00fc\u00e7\u00fck, Gen\u00e7lik Haftas\u0131 etkinlikleri kapsam\u0131nda d\u00fczenlenen bu t\u00fcr sportif faaliyetlerin gen\u00e7lerin geli\u015fimine \u00f6nemli katk\u0131 sa\u011flad\u0131\u011f\u0131n\u0131 belirterek, kat\u0131l\u0131m g\u00f6steren t\u00fcm sporcular\u0131 tebrik etti.<br \/>\n<br \/>Yar\u0131\u015fma sonu\u00e7lar\u0131 ile birlikte Vali Yard\u0131mc\u0131s\u0131 S\u00fcleyman Oval\u0131, Gen\u00e7lik Spor Hizmetleri \u0130l M\u00fcd\u00fcr\u00fc  B\u00fclent K\u00fc\u00e7\u00fck,  Tav\u015fanl\u0131 il\u00e7e Milli E\u011fitim M\u00fcd\u00fcr\u00fc Refik Ra\u015fit K\u00fc\u00e7\u00fckka\u011fn\u0131c\u0131, AK Parti Gen\u00e7lik kollar\u0131 ba\u015fkan\u0131 Ali G\u00f6ktekin, Spor Faaliyetleri \u015eube M\u00fcd\u00fcr\u00fc Tuna \u015eim\u015fek Arslan, Yurt Hizmetleri M\u00fcd\u00fcr\u00fc \u0130brahim \u0130\u015f\u00e7imen, Destek Hizmetleri M\u00fcd\u00fcr\u00fc Emrah \u00d6z\u00e7elik, dereceye giren sporculara \u00f6d\u00fcllerini verdi.<br \/><\/p>\n","protected":false},"excerpt":{"rendered":"<p>K\u00fctahya Gen\u00e7lik ve Spor \u0130l M\u00fcd\u00fcrl\u00fc\u011f\u00fc\u2019n\u00fcn 15-21 May\u0131s Gen\u00e7lik Haftas\u0131 etkinlikleri kapsam\u0131nda organize etti\u011fi oryantiring yar\u0131\u015fmalar\u0131, sporun heyecan\u0131n\u0131 \u015fehir merkezine ta\u015f\u0131d\u0131. Bekir Avlup\u0131nar Caddesi (Kafeler Caddesi) \u00fczerinde kurulan yakla\u015f\u0131k 2 kilometrelik parkurda, 7 farkl\u0131 kategoride k\u0131yas\u0131ya bir m\u00fccadele ya\u015fand\u0131. Gen\u00e7lik Haftas\u0131 co\u015fkusuyla birle\u015fen oryantiring yar\u0131\u015fmalar\u0131, K\u00fctahyal\u0131 vatanda\u015flar\u0131n da yo\u011fun ilgisini \u00e7ekti. Harita yard\u0131m\u0131yla belirlenen hedefleri&#8230;<\/p>\n","protected":false},"author":1,"featured_media":30427,"comment_status":"open","ping_status":"open","sticky":false,"template":"","format":"standard","meta":{"_crdt_document":"","footnotes":""},"categories":[4],"tags":[],"class_list":["post-30426","post","type-post","status-publish","format-standard","has-post-thumbnail","hentry","category-spor"],"_links":{"self":[{"href":"https:\/\/www.egemtv.com\/index.php?rest_route=\/wp\/v2\/posts\/30426","targetHints":{"allow":["GET"]}}],"collection":[{"href":"https:\/\/www.egemtv.com\/index.php?rest_route=\/wp\/v2\/posts"}],"about":[{"href":"https:\/\/www.egemtv.com\/index.php?rest_route=\/wp\/v2\/types\/post"}],"author":[{"embeddable":true,"href":"https:\/\/www.egemtv.com\/index.php?rest_route=\/wp\/v2\/users\/1"}],"replies":[{"embeddable":true,"href":"https:\/\/www.egemtv.com\/index.php?rest_route=%2Fwp%2Fv2%2Fcomments&post=30426"}],"version-history":[{"count":1,"href":"https:\/\/www.egemtv.com\/index.php?rest_route=\/wp\/v2\/posts\/30426\/revisions"}],"predecessor-version":[{"id":30428,"href":"https:\/\/www.egemtv.com\/index.php?rest_route=\/wp\/v2\/posts\/30426\/revisions\/30428"}],"wp:featuredmedia":[{"embeddable":true,"href":"https:\/\/www.egemtv.com\/index.php?rest_route=\/wp\/v2\/media\/30427"}],"wp:attachment":[{"href":"https:\/\/www.egemtv.com\/index.php?rest_route=%2Fwp%2Fv2%2Fmedia&parent=30426"}],"wp:term":[{"taxonomy":"category","embeddable":true,"href":"https:\/\/www.egemtv.com\/index.php?rest_route=%2Fwp%2Fv2%2Fcategories&post=30426"},{"taxonomy":"post_tag","embeddable":true,"href":"https:\/\/www.egemtv.com\/index.php?rest_route=%2Fwp%2Fv2%2Ftags&post=30426"}],"curies":[{"name":"wp","href":"https:\/\/api.w.org\/{rel}","templated":true}]}}