{"id":30423,"date":"2025-05-21T13:17:14","date_gmt":"2025-05-21T10:17:14","guid":{"rendered":"https:\/\/www.egemtv.com\/?p=30423"},"modified":"2025-05-21T13:17:17","modified_gmt":"2025-05-21T10:17:17","slug":"usakta-arac-sayisi-179-bini-asti","status":"publish","type":"post","link":"https:\/\/www.egemtv.com\/?p=30423","title":{"rendered":"U\u015fak\u2019ta ara\u00e7 say\u0131s\u0131 179 bini a\u015ft\u0131"},"content":{"rendered":"<p>U\u015fak\u2019ta a\u00e7\u0131klanan motorlu kara ta\u015f\u0131tlar\u0131 2025 y\u0131l\u0131 verilerine g\u00f6re il genelinde toplam ara\u00e7 say\u0131s\u0131 179 bin 462 oldu.<br \/>\n<br \/>T\u00fcrkiye \u0130statistik Kurumu (T\u00dc\u0130K), 2025 y\u0131l\u0131 Nisan ay\u0131 motorlu kara ta\u015f\u0131tlar\u0131 verisini a\u00e7\u0131klad\u0131. Nisan ay\u0131nda trafi\u011fe kayd\u0131 yap\u0131lan ta\u015f\u0131tlar\u0131n y\u00fczde 43,5\u2019ini motosiklet, y\u00fczde 41,9\u2019unu otomobil, y\u00fczde 9,0\u2019\u0131n\u0131 kamyonet, y\u00fczde 2,7\u2019sini trakt\u00f6r, y\u00fczde 1,7\u2019sini kamyon, y\u00fczde 0,8\u2019ini minib\u00fcs, y\u00fczde 0,3\u2019\u00fcn\u00fc otob\u00fcs ve y\u00fczde 0,1\u2019ini \u00f6zel ama\u00e7l\u0131 ta\u015f\u0131tlar olu\u015fturdu.<\/p>\n<p>Nisan ay\u0131nda trafi\u011fe kayd\u0131 yap\u0131lan ta\u015f\u0131t say\u0131s\u0131 bir \u00f6nceki aya g\u00f6re motosiklette y\u00fczde 18,0, trakt\u00f6rde y\u00fczde 6,7, minib\u00fcste y\u00fczde 0,7 artarken otob\u00fcste y\u00fczde 23,7, otomobilde y\u00fczde 15,3, kamyonda y\u00fczde 9,7, \u00f6zel ama\u00e7l\u0131 ta\u015f\u0131tta y\u00fczde 9,3 ve kamyonette y\u00fczde 8,7 azald\u0131. \u0130llere g\u00f6re da\u011f\u0131l\u0131mda ise U\u015fak\u2019ta ya\u015fayan ki\u015fi say\u0131s\u0131 375 bin 310 ki\u015fi olurken, U\u015fak\u2019ta bulunan toplam ara\u00e7 say\u0131s\u0131 da 179 bin 462 olarak a\u00e7\u0131kland\u0131.<\/p>\n<p>U\u015fak\u2019ta \u015fu anda toplam ara\u00e7 say\u0131s\u0131 179 bin 462 olurken, bu ara\u00e7lar\u0131n cinsine g\u00f6re da\u011f\u0131l\u0131m\u0131 da \u015f\u00f6yle ger\u00e7ekle\u015fti: Otomobil 81 bin 913, minib\u00fcs 2 bin 266, otob\u00fcs bin 364, kamyonet 22 bin 315, kamyon 4 bin 620, motosiklet 44 bin 4, \u00f6zel ama\u00e7l\u0131 493 ve trakt\u00f6r say\u0131s\u0131 da 22 bin 487 adet olarak belirlendi.<br \/>\n<br \/>Bu rakamlara g\u00f6re, U\u015fak\u2019ta ara\u00e7 ba\u015f\u0131na d\u00fc\u015fen ki\u015fi say\u0131s\u0131 2,09 ki\u015fi, otomobil ba\u015f\u0131na ise 4,58 ki\u015fi olarak belirlendi.<br \/><\/p>\n","protected":false},"excerpt":{"rendered":"<p>U\u015fak\u2019ta a\u00e7\u0131klanan motorlu kara ta\u015f\u0131tlar\u0131 2025 y\u0131l\u0131 verilerine g\u00f6re il genelinde toplam ara\u00e7 say\u0131s\u0131 179 bin 462 oldu. T\u00fcrkiye \u0130statistik Kurumu (T\u00dc\u0130K), 2025 y\u0131l\u0131 Nisan ay\u0131 motorlu kara ta\u015f\u0131tlar\u0131 verisini a\u00e7\u0131klad\u0131. Nisan ay\u0131nda trafi\u011fe kayd\u0131 yap\u0131lan ta\u015f\u0131tlar\u0131n y\u00fczde 43,5\u2019ini motosiklet, y\u00fczde 41,9\u2019unu otomobil, y\u00fczde 9,0\u2019\u0131n\u0131 kamyonet, y\u00fczde 2,7\u2019sini trakt\u00f6r, y\u00fczde 1,7\u2019sini kamyon, y\u00fczde 0,8\u2019ini minib\u00fcs,&#8230;<\/p>\n","protected":false},"author":1,"featured_media":30424,"comment_status":"open","ping_status":"open","sticky":false,"template":"","format":"standard","meta":{"_crdt_document":"","footnotes":""},"categories":[125],"tags":[],"class_list":["post-30423","post","type-post","status-publish","format-standard","has-post-thumbnail","hentry","category-ekonomi"],"_links":{"self":[{"href":"https:\/\/www.egemtv.com\/index.php?rest_route=\/wp\/v2\/posts\/30423","targetHints":{"allow":["GET"]}}],"collection":[{"href":"https:\/\/www.egemtv.com\/index.php?rest_route=\/wp\/v2\/posts"}],"about":[{"href":"https:\/\/www.egemtv.com\/index.php?rest_route=\/wp\/v2\/types\/post"}],"author":[{"embeddable":true,"href":"https:\/\/www.egemtv.com\/index.php?rest_route=\/wp\/v2\/users\/1"}],"replies":[{"embeddable":true,"href":"https:\/\/www.egemtv.com\/index.php?rest_route=%2Fwp%2Fv2%2Fcomments&post=30423"}],"version-history":[{"count":1,"href":"https:\/\/www.egemtv.com\/index.php?rest_route=\/wp\/v2\/posts\/30423\/revisions"}],"predecessor-version":[{"id":30425,"href":"https:\/\/www.egemtv.com\/index.php?rest_route=\/wp\/v2\/posts\/30423\/revisions\/30425"}],"wp:featuredmedia":[{"embeddable":true,"href":"https:\/\/www.egemtv.com\/index.php?rest_route=\/wp\/v2\/media\/30424"}],"wp:attachment":[{"href":"https:\/\/www.egemtv.com\/index.php?rest_route=%2Fwp%2Fv2%2Fmedia&parent=30423"}],"wp:term":[{"taxonomy":"category","embeddable":true,"href":"https:\/\/www.egemtv.com\/index.php?rest_route=%2Fwp%2Fv2%2Fcategories&post=30423"},{"taxonomy":"post_tag","embeddable":true,"href":"https:\/\/www.egemtv.com\/index.php?rest_route=%2Fwp%2Fv2%2Ftags&post=30423"}],"curies":[{"name":"wp","href":"https:\/\/api.w.org\/{rel}","templated":true}]}}