{"id":30420,"date":"2025-05-21T13:17:09","date_gmt":"2025-05-21T10:17:09","guid":{"rendered":"https:\/\/www.egemtv.com\/?p=30420"},"modified":"2025-05-21T13:17:14","modified_gmt":"2025-05-21T10:17:14","slug":"sevimli-marti-kumluk-plajinin-maskotu-oldu","status":"publish","type":"post","link":"https:\/\/www.egemtv.com\/?p=30420","title":{"rendered":"Sevimli mart\u0131 Kumluk Plaj\u0131\u2019n\u0131n maskotu oldu"},"content":{"rendered":"<p>Mu\u011fla\u2019n\u0131n Dat\u00e7a il\u00e7esinde 4 y\u0131ldan bu yana bal\u0131k\u00e7\u0131lar\u0131n pe\u015finden ayr\u0131lmayan, \u00e7evredeki esnaf ve vatanda\u015flar taraf\u0131ndan beslenen mart\u0131, Kumluk Plaj\u0131\u2019n\u0131n maskotu oldu.<br \/>\n<br \/>Dat\u00e7a Kumluk Plaj\u0131\u2019ndan ayr\u0131lmayan ve b\u00f6lgenin maskotu haline gelen sevimli mart\u0131 vatanda\u015flar ve b\u00f6lge esnaf\u0131 taraf\u0131ndan bal\u0131kla besleniyor. B\u00f6lgede bal\u0131k\u00e7\u0131l\u0131kla u\u011fra\u015fan Faruk Burgaz, bal\u0131k av\u0131 zaman\u0131 kendilerine e\u015flik eden mart\u0131n\u0131n 4 y\u0131ld\u0131r yanlar\u0131ndan ayr\u0131lmad\u0131\u011f\u0131n\u0131, av sonras\u0131nda da Kumluk Plaj\u0131\u2019nda bekledi\u011fini s\u00f6yledi. Burgaz, mart\u0131ya \u00e7ok al\u0131\u015ft\u0131klar\u0131n\u0131, g\u00f6remedikleri zaman merak edip \u00fcz\u00fcld\u00fcklerini de ifade etti.<br \/>\n<br \/>Burgaz, Kumluk Plaj\u0131\u2019n\u0131n maskotu haline gelen mart\u0131 ile 4 sene \u00f6nce tan\u0131\u015ft\u0131klar\u0131n\u0131 belirterek, &#8220;4-5 senedir bal\u0131k\u00e7\u0131l\u0131kla u\u011fra\u015f\u0131yoruz. Av s\u0131ras\u0131nda bir mart\u0131yla tan\u0131\u015ft\u0131k. Bizden bal\u0131k yemeye ba\u015flad\u0131. Bizi takip etmeye ba\u015flad\u0131. 4 senedir ben bal\u0131\u011fa gidiyorum, sabah bizi kar\u015f\u0131l\u0131yor, \u00f6\u011fleden sonra bu lokantaya geliyor, bizim elimizden bal\u0131k yiyor. Her sene ayn\u0131 \u015fekilde bizi takip etmeye ba\u015flad\u0131. Sanki teknenin renginden, \u00f6zelli\u011finden bizi biliyor. Sabahlar\u0131 bizimle gider. Bal\u0131k i\u015fi \u00f6\u011fleden sonra bitti\u011finde bizimle gelir, Kumluk Plaj\u0131\u2019nda kal\u0131r. Bize ac\u0131kt\u0131\u011f\u0131 zaman \u00f6terek bal\u0131k ister. Bizden ayr\u0131lmad\u0131\u011f\u0131 i\u00e7in biz de buna bakmak zorunday\u0131z, bazen gelmedi\u011fi zaman \u00fcz\u00fcl\u00fcyoruz&#8221; diye konu\u015ftu.<br \/><\/p>\n","protected":false},"excerpt":{"rendered":"<p>Mu\u011fla\u2019n\u0131n Dat\u00e7a il\u00e7esinde 4 y\u0131ldan bu yana bal\u0131k\u00e7\u0131lar\u0131n pe\u015finden ayr\u0131lmayan, \u00e7evredeki esnaf ve vatanda\u015flar taraf\u0131ndan beslenen mart\u0131, Kumluk Plaj\u0131\u2019n\u0131n maskotu oldu. Dat\u00e7a Kumluk Plaj\u0131\u2019ndan ayr\u0131lmayan ve b\u00f6lgenin maskotu haline gelen sevimli mart\u0131 vatanda\u015flar ve b\u00f6lge esnaf\u0131 taraf\u0131ndan bal\u0131kla besleniyor. B\u00f6lgede bal\u0131k\u00e7\u0131l\u0131kla u\u011fra\u015fan Faruk Burgaz, bal\u0131k av\u0131 zaman\u0131 kendilerine e\u015flik eden mart\u0131n\u0131n 4 y\u0131ld\u0131r yanlar\u0131ndan ayr\u0131lmad\u0131\u011f\u0131n\u0131,&#8230;<\/p>\n","protected":false},"author":1,"featured_media":30421,"comment_status":"open","ping_status":"open","sticky":false,"template":"","format":"standard","meta":{"_crdt_document":"","footnotes":""},"categories":[1],"tags":[],"class_list":["post-30420","post","type-post","status-publish","format-standard","has-post-thumbnail","hentry","category-guncel"],"_links":{"self":[{"href":"https:\/\/www.egemtv.com\/index.php?rest_route=\/wp\/v2\/posts\/30420","targetHints":{"allow":["GET"]}}],"collection":[{"href":"https:\/\/www.egemtv.com\/index.php?rest_route=\/wp\/v2\/posts"}],"about":[{"href":"https:\/\/www.egemtv.com\/index.php?rest_route=\/wp\/v2\/types\/post"}],"author":[{"embeddable":true,"href":"https:\/\/www.egemtv.com\/index.php?rest_route=\/wp\/v2\/users\/1"}],"replies":[{"embeddable":true,"href":"https:\/\/www.egemtv.com\/index.php?rest_route=%2Fwp%2Fv2%2Fcomments&post=30420"}],"version-history":[{"count":1,"href":"https:\/\/www.egemtv.com\/index.php?rest_route=\/wp\/v2\/posts\/30420\/revisions"}],"predecessor-version":[{"id":30422,"href":"https:\/\/www.egemtv.com\/index.php?rest_route=\/wp\/v2\/posts\/30420\/revisions\/30422"}],"wp:featuredmedia":[{"embeddable":true,"href":"https:\/\/www.egemtv.com\/index.php?rest_route=\/wp\/v2\/media\/30421"}],"wp:attachment":[{"href":"https:\/\/www.egemtv.com\/index.php?rest_route=%2Fwp%2Fv2%2Fmedia&parent=30420"}],"wp:term":[{"taxonomy":"category","embeddable":true,"href":"https:\/\/www.egemtv.com\/index.php?rest_route=%2Fwp%2Fv2%2Fcategories&post=30420"},{"taxonomy":"post_tag","embeddable":true,"href":"https:\/\/www.egemtv.com\/index.php?rest_route=%2Fwp%2Fv2%2Ftags&post=30420"}],"curies":[{"name":"wp","href":"https:\/\/api.w.org\/{rel}","templated":true}]}}