{"id":30417,"date":"2025-05-21T12:55:57","date_gmt":"2025-05-21T09:55:57","guid":{"rendered":"https:\/\/www.egemtv.com\/?p=30417"},"modified":"2025-05-21T12:56:01","modified_gmt":"2025-05-21T09:56:01","slug":"izmirde-dogal-gaz-patlamasinda-agir-yaralanan-kisi-hayatini-kaybetti","status":"publish","type":"post","link":"https:\/\/www.egemtv.com\/?p=30417","title":{"rendered":"\u0130zmir\u2019de do\u011fal gaz patlamas\u0131nda a\u011f\u0131r yaralanan ki\u015fi hayat\u0131n\u0131 kaybetti"},"content":{"rendered":"<p>\u0130zmir\u2019in Bornova il\u00e7esinde bir apartman dairesinde gaz s\u0131z\u0131nt\u0131s\u0131ndan oldu\u011fu de\u011ferlendirilen ve 4 ki\u015finin yaraland\u0131\u011f\u0131 patlamada a\u011f\u0131r yaralanan 25 ya\u015f\u0131ndaki Ertan Maviba\u015f, tedavi g\u00f6rd\u00fc\u011f\u00fc hastanede hayat\u0131n\u0131 kaybetti.<br \/>\n<br \/>11 May\u0131s gecesi saat 00.15 s\u0131ralar\u0131nda Kaz\u0131mdirik Mahallesi 162. Sokak\u2019ta bulunan 7 katl\u0131 apartman\u0131n 3\u2019\u00fcnc\u00fc kat\u0131ndaki dairede gaz s\u0131z\u0131nt\u0131s\u0131ndan oldu\u011fu de\u011ferlendirilen patlaman\u0131n ard\u0131ndan dumanlar ve alevler daireyi sarm\u0131\u015ft\u0131. \u00c7evre sakinlerinin ihbar\u0131 \u00fczerine itfaiye, sa\u011fl\u0131k ve polis ekipleri olay yerine sevk edilmi\u015fti. Bu s\u0131rada dairede yang\u0131n \u00e7\u0131karken, bina tahliye edilmi\u015fti. Olay yerine gelen itfaiye ekipleri alevlere m\u00fcdahale ederek s\u00f6nd\u00fcr\u00fcrken, binada mahsur kalan vatanda\u015flar kurtar\u0131lm\u0131\u015ft\u0131. Ya\u015fanan patlamada ve ard\u0131ndan \u00e7\u0131kan yang\u0131nda, patlaman\u0131n ya\u015fad\u0131\u011f\u0131 dairede bulunan Ertan Maviba\u015f (25) ile sokaktan ge\u00e7en Evin K. ve Ramazan K. ile ayn\u0131 binada ya\u015fayan Ahmet A. yaralanm\u0131\u015ft\u0131. Yaral\u0131lar Ege \u00dcniversitesi T\u0131p Fak\u00fcltesi Hastanesi ile \u0130zmir \u015eehir Hastanesi\u2019nde tedavi alt\u0131na al\u0131n\u0131rken, patlaman\u0131n meydana geldi\u011fi daire tamamen kullan\u0131lamaz hale gelmi\u015fti. Hastaneye kald\u0131r\u0131lan yaral\u0131lardan 3\u2019\u00fc taburcu edilirken, durumu a\u011f\u0131r olan Ertan Maviba\u015f, \u0130zmir \u015eehir Hastanesi Yan\u0131k \u00dcnitesi\u2019nde tedavi alt\u0131na al\u0131nm\u0131\u015ft\u0131.<\/p>\n<p>10 g\u00fcnl\u00fck ya\u015fam m\u00fccadelesini kaybetti<br \/>\n<br \/>Dokuz Eyl\u00fcl \u00dcniversitesi Kurumsal \u0130leti\u015fim Koordinat\u00f6rl\u00fc\u011f\u00fcnde \u00e7al\u0131\u015ft\u0131\u011f\u0131 \u00f6\u011frenilen Ertan Maviba\u015f, hastanedeki 10 g\u00fcnl\u00fck ya\u015fam m\u00fccadelesini kaybetti. Maviba\u015f\u2019\u0131n cenazesi yap\u0131lan incelemenin ard\u0131ndan \u0130zmir Adli T\u0131p Kurumu morguna kald\u0131r\u0131ld\u0131.<\/p>\n<p>Do\u011falgaz borusunu kesti\u011fi iddias\u0131<br \/>\n<br \/>\u0130zmir Cumhuriyet Ba\u015fsavc\u0131l\u0131\u011f\u0131 taraf\u0131ndan patlaman\u0131n nedeninin ve sorumlular\u0131n tespiti i\u00e7in soru\u015fturma ba\u015flat\u0131lm\u0131\u015ft\u0131. Yap\u0131lan incelemelerde a\u011f\u0131r yaral\u0131 olarak yo\u011fun bak\u0131mda tedavisine devam edilen Ertan Maviba\u015f\u2019\u0131n do\u011falgaz hatt\u0131 ile ocak aras\u0131ndaki ba\u011flant\u0131 borusunu keserek \u00e7akma\u011f\u0131 ate\u015flemesi sebebiyle patlaman\u0131n meydana geldi\u011fine dair bilgiler elde edilmi\u015fti.<br \/>\n<br \/>Olayla ilgili ba\u015flat\u0131lan \u00e7ok y\u00f6nl\u00fc soru\u015fturma s\u00fcr\u00fcyor.<br \/><\/p>\n","protected":false},"excerpt":{"rendered":"<p>\u0130zmir\u2019in Bornova il\u00e7esinde bir apartman dairesinde gaz s\u0131z\u0131nt\u0131s\u0131ndan oldu\u011fu de\u011ferlendirilen ve 4 ki\u015finin yaraland\u0131\u011f\u0131 patlamada a\u011f\u0131r yaralanan 25 ya\u015f\u0131ndaki Ertan Maviba\u015f, tedavi g\u00f6rd\u00fc\u011f\u00fc hastanede hayat\u0131n\u0131 kaybetti. 11 May\u0131s gecesi saat 00.15 s\u0131ralar\u0131nda Kaz\u0131mdirik Mahallesi 162. Sokak\u2019ta bulunan 7 katl\u0131 apartman\u0131n 3\u2019\u00fcnc\u00fc kat\u0131ndaki dairede gaz s\u0131z\u0131nt\u0131s\u0131ndan oldu\u011fu de\u011ferlendirilen patlaman\u0131n ard\u0131ndan dumanlar ve alevler daireyi sarm\u0131\u015ft\u0131. \u00c7evre&#8230;<\/p>\n","protected":false},"author":1,"featured_media":30418,"comment_status":"open","ping_status":"open","sticky":false,"template":"","format":"standard","meta":{"_crdt_document":"","footnotes":""},"categories":[5],"tags":[],"class_list":["post-30417","post","type-post","status-publish","format-standard","has-post-thumbnail","hentry","category-asayis"],"_links":{"self":[{"href":"https:\/\/www.egemtv.com\/index.php?rest_route=\/wp\/v2\/posts\/30417","targetHints":{"allow":["GET"]}}],"collection":[{"href":"https:\/\/www.egemtv.com\/index.php?rest_route=\/wp\/v2\/posts"}],"about":[{"href":"https:\/\/www.egemtv.com\/index.php?rest_route=\/wp\/v2\/types\/post"}],"author":[{"embeddable":true,"href":"https:\/\/www.egemtv.com\/index.php?rest_route=\/wp\/v2\/users\/1"}],"replies":[{"embeddable":true,"href":"https:\/\/www.egemtv.com\/index.php?rest_route=%2Fwp%2Fv2%2Fcomments&post=30417"}],"version-history":[{"count":1,"href":"https:\/\/www.egemtv.com\/index.php?rest_route=\/wp\/v2\/posts\/30417\/revisions"}],"predecessor-version":[{"id":30419,"href":"https:\/\/www.egemtv.com\/index.php?rest_route=\/wp\/v2\/posts\/30417\/revisions\/30419"}],"wp:featuredmedia":[{"embeddable":true,"href":"https:\/\/www.egemtv.com\/index.php?rest_route=\/wp\/v2\/media\/30418"}],"wp:attachment":[{"href":"https:\/\/www.egemtv.com\/index.php?rest_route=%2Fwp%2Fv2%2Fmedia&parent=30417"}],"wp:term":[{"taxonomy":"category","embeddable":true,"href":"https:\/\/www.egemtv.com\/index.php?rest_route=%2Fwp%2Fv2%2Fcategories&post=30417"},{"taxonomy":"post_tag","embeddable":true,"href":"https:\/\/www.egemtv.com\/index.php?rest_route=%2Fwp%2Fv2%2Ftags&post=30417"}],"curies":[{"name":"wp","href":"https:\/\/api.w.org\/{rel}","templated":true}]}}