{"id":30414,"date":"2025-05-21T12:55:52","date_gmt":"2025-05-21T09:55:52","guid":{"rendered":"https:\/\/www.egemtv.com\/?p=30414"},"modified":"2025-05-21T12:55:57","modified_gmt":"2025-05-21T09:55:57","slug":"otomobil-takla-atti-surucu-yaralandi","status":"publish","type":"post","link":"https:\/\/www.egemtv.com\/?p=30414","title":{"rendered":"Otomobil takla att\u0131, s\u00fcr\u00fcc\u00fc yaraland\u0131"},"content":{"rendered":"<p>Ayd\u0131n\u2019\u0131n Germencik il\u00e7esinde bir otomobil \u015farampole girerken, ara\u00e7 s\u00fcr\u00fcc\u00fcs\u00fc O.\u00c7. yaraland\u0131.<\/p>\n<p>Kaza, Ayd\u0131n\u2019\u0131n Germencik il\u00e7esi \u00d6merbeyli Mahallesi kav\u015fa\u011f\u0131 yak\u0131nlar\u0131nda meydana geldi. Edinilen bilgilere g\u00f6re, O.\u00c7(21) idaresindeki 81 DK 404 plakal\u0131 otomobil, Germencik istikametine seyir halindeyken hen\u00fcz bilinmeyen bir nedenle s\u00fcr\u00fcc\u00fcn\u00fcn direksiyon hakimiyetini kaybetmesi sonucu takla atarak \u015farampole girdi. Ara\u00e7 s\u00fcr\u00fcc\u00fcs\u00fc O.\u00c7 yaraland\u0131. \u0130hbar \u00fczerine olay yerine polis, jandarma ve sa\u011fl\u0131k ekipleri sevk edildi. Yaral\u0131 s\u00fcr\u00fcc\u00fcye olay yerinde ilk m\u00fcdahale yap\u0131l\u0131p Ayd\u0131n Devlet Hastanesine kald\u0131r\u0131ld\u0131. Ara\u00e7ta maddi hasar\u0131n olu\u015ftu\u011fu kaza ile ilgili soru\u015fturma s\u00fcr\u00fcyor.<br \/><\/p>\n","protected":false},"excerpt":{"rendered":"<p>Ayd\u0131n\u2019\u0131n Germencik il\u00e7esinde bir otomobil \u015farampole girerken, ara\u00e7 s\u00fcr\u00fcc\u00fcs\u00fc O.\u00c7. yaraland\u0131. Kaza, Ayd\u0131n\u2019\u0131n Germencik il\u00e7esi \u00d6merbeyli Mahallesi kav\u015fa\u011f\u0131 yak\u0131nlar\u0131nda meydana geldi. Edinilen bilgilere g\u00f6re, O.\u00c7(21) idaresindeki 81 DK 404 plakal\u0131 otomobil, Germencik istikametine seyir halindeyken hen\u00fcz bilinmeyen bir nedenle s\u00fcr\u00fcc\u00fcn\u00fcn direksiyon hakimiyetini kaybetmesi sonucu takla atarak \u015farampole girdi. Ara\u00e7 s\u00fcr\u00fcc\u00fcs\u00fc O.\u00c7 yaraland\u0131. \u0130hbar \u00fczerine olay&#8230;<\/p>\n","protected":false},"author":1,"featured_media":30415,"comment_status":"open","ping_status":"open","sticky":false,"template":"","format":"standard","meta":{"_crdt_document":"","footnotes":""},"categories":[5],"tags":[],"class_list":["post-30414","post","type-post","status-publish","format-standard","has-post-thumbnail","hentry","category-asayis"],"_links":{"self":[{"href":"https:\/\/www.egemtv.com\/index.php?rest_route=\/wp\/v2\/posts\/30414","targetHints":{"allow":["GET"]}}],"collection":[{"href":"https:\/\/www.egemtv.com\/index.php?rest_route=\/wp\/v2\/posts"}],"about":[{"href":"https:\/\/www.egemtv.com\/index.php?rest_route=\/wp\/v2\/types\/post"}],"author":[{"embeddable":true,"href":"https:\/\/www.egemtv.com\/index.php?rest_route=\/wp\/v2\/users\/1"}],"replies":[{"embeddable":true,"href":"https:\/\/www.egemtv.com\/index.php?rest_route=%2Fwp%2Fv2%2Fcomments&post=30414"}],"version-history":[{"count":1,"href":"https:\/\/www.egemtv.com\/index.php?rest_route=\/wp\/v2\/posts\/30414\/revisions"}],"predecessor-version":[{"id":30416,"href":"https:\/\/www.egemtv.com\/index.php?rest_route=\/wp\/v2\/posts\/30414\/revisions\/30416"}],"wp:featuredmedia":[{"embeddable":true,"href":"https:\/\/www.egemtv.com\/index.php?rest_route=\/wp\/v2\/media\/30415"}],"wp:attachment":[{"href":"https:\/\/www.egemtv.com\/index.php?rest_route=%2Fwp%2Fv2%2Fmedia&parent=30414"}],"wp:term":[{"taxonomy":"category","embeddable":true,"href":"https:\/\/www.egemtv.com\/index.php?rest_route=%2Fwp%2Fv2%2Fcategories&post=30414"},{"taxonomy":"post_tag","embeddable":true,"href":"https:\/\/www.egemtv.com\/index.php?rest_route=%2Fwp%2Fv2%2Ftags&post=30414"}],"curies":[{"name":"wp","href":"https:\/\/api.w.org\/{rel}","templated":true}]}}