{"id":30411,"date":"2025-05-21T12:55:47","date_gmt":"2025-05-21T09:55:47","guid":{"rendered":"https:\/\/www.egemtv.com\/?p=30411"},"modified":"2025-05-21T12:55:52","modified_gmt":"2025-05-21T09:55:52","slug":"manisali-ilkokul-ogrencisi-atik-malzemelerden-sessiz-supurge-yapti","status":"publish","type":"post","link":"https:\/\/www.egemtv.com\/?p=30411","title":{"rendered":"Manisal\u0131 ilkokul \u00f6\u011frencisi at\u0131k malzemelerden sessiz s\u00fcp\u00fcrge yapt\u0131"},"content":{"rendered":"<p>Manisa Soma Mehmet Akif Ersoy \u0130lkokulu 4\u2019\u00fcnc\u00fc s\u0131n\u0131f \u00f6\u011frencisi Elisa \u00c7etink\u0131l\u0131\u00e7, \u00f6\u011fretmeninin verdi\u011fi \u00f6dev \u00fczerine at\u0131k malzemeleri kullanarak di\u011fer modellere g\u00f6re daha sessiz \u00e7al\u0131\u015fan bir el s\u00fcp\u00fcrgesi tasarlad\u0131.<br \/>\n<br \/>Manisa\u2019da Soma Mehmet Akif Ersoy \u0130lkokulu 4\u2019\u00fcnc\u00fc s\u0131n\u0131f \u00f6\u011frencisi Elisa \u00c7etink\u0131l\u0131\u00e7, \u00f6\u011fretmeninin verdi\u011fi \u00f6dev dahilinde \u00e7evre dostu bir yakla\u015f\u0131m sergileyerek \u2019Elison 6745\u2019 ad\u0131n\u0131 verdi\u011fi el s\u00fcp\u00fcrgesini geli\u015ftirdi. Evde besledi\u011fi kedisinin t\u00fcylerini temizlemek amac\u0131yla bu \u00fcr\u00fcn\u00fc yapt\u0131\u011f\u0131n\u0131 belirten Elisa, kom\u015fular\u0131n\u0131 rahats\u0131z etmemek i\u00e7in de sessiz \u00e7al\u0131\u015fan bir model tasarlamay\u0131 tercih etti\u011fini s\u00f6yledi. Elisa\u2019n\u0131n tasarlad\u0131\u011f\u0131 s\u00fcp\u00fcrge Manisa \u0130l Milli E\u011fitim M\u00fcd\u00fcr\u00fc Mehmet U\u011furelli\u2019nin de dikkatini \u00e7ekerek \u00f6\u011frenciyi ve \u00f6\u011fretmenini Soma Kendin Yap At\u00f6lyesinde a\u011f\u0131rlad\u0131.<br \/>\n<br \/>Yapt\u0131\u011f\u0131 sessiz el s\u00fcp\u00fcrgesini tan\u0131tan Elisa \u00c7etink\u0131l\u0131\u00e7, s\u00fcp\u00fcrgesine kendi isminden esinlenerek Elison 6745 ad\u0131n\u0131 verdi\u011fini anlatarak, &#8220;B\u00fct\u00fcn malzemeleri at\u0131k malzemelerden kulland\u0131k sadece motoru ald\u0131k. \u0130smini de kendi ad\u0131mdan esinlenerek Elison 6745 ad\u0131n\u0131 verdim. 67 memleketim olan Zonguldak\u2019\u0131n plakas\u0131 45\u2019de Manisa\u2019n\u0131n plakas\u0131&#8221; dedi.<\/p>\n<p>S\u00fcre\u00e7 odakl\u0131 g\u00f6rev<br \/>\n<br \/>Elisa\u2019n\u0131n \u00f6\u011fretmeni Tu\u011fba Salman \u00c7akmaklar ise \u00f6\u011frencilerine s\u00fcre\u00e7 odakl\u0131 g\u00f6revlerle dan\u0131\u015fmanl\u0131k yapt\u0131\u011f\u0131n\u0131 vurgulayarak, &#8220;T\u00fcrkiye Y\u00fczy\u0131l\u0131 Maarif Modeli e\u011fitici e\u011fitimi alm\u0131\u015f bir \u00f6\u011fretmenim. Ald\u0131\u011f\u0131m bu e\u011fitim sonras\u0131nda \u00f6\u011frencilerimi test ya da yaz\u0131l\u0131 gibi sonu\u00e7 odakl\u0131 s\u0131navlar yerine s\u00fcre\u00e7 odakl\u0131 g\u00f6revlerle de\u011ferlendirmeyi tercih ediyorum. \u00c7\u00fcnk\u00fc biliyorum ki \u00f6\u011frenciler, s\u0131navlar yerine s\u00fcrece aktif olarak dahil olduklar\u0131nda kendilerini daha iyi ifade edebiliyorlar. Y\u0131l boyunca \u00f6\u011frencilerimiz ara\u015ft\u0131rma yap\u0131yor, elde ettikleri bilgileri s\u00fczge\u00e7ten ge\u00e7iriyor, fikirlerine uygun \u00fcr\u00fcnler haz\u0131rl\u0131yor ve b\u00f6ylece ifade becerilerini geli\u015ftiriyorlar. Elisa\u2019n\u0131n arkada\u015flar\u0131 aras\u0131nda \u0131\u015f\u0131k sa\u00e7an terlik \u00fcretenler, \u00f6nc\u00fcl sars\u0131nt\u0131lara ba\u011fl\u0131 \u00e7al\u0131\u015fan deprem ikaz sens\u00f6r\u00fc geli\u015ftirenler de var. \u0130nan\u0131yorum ki \u00f6\u011frencilerimiz zamanla daha da b\u00fcy\u00fck ba\u015far\u0131lara imza atacakt\u0131r&#8221; diye konu\u015ftu.<br \/>\n<br \/>Manisa \u0130l Milli E\u011fitim M\u00fcd\u00fcr\u00fc Mehmet U\u011furelli \u00f6\u011fretmen ve \u00f6\u011frenciyi tebrik ederek, Manisa\u2019daki t\u00fcm il\u00e7elerde bulunan \u2019Kendin Yap At\u00f6lyeleri\u2019 sayesinde \u00f6\u011frencilere yenilik\u00e7i pedagojilerle e\u011fitim alma f\u0131rsat\u0131 sunuldu\u011funu belirterek, \u00f6\u011frencileri bu at\u00f6lyelerde daha fazla vakit ge\u00e7irmeye davet etti. U\u011furelli, &#8220;Milli E\u011fitim Bakan\u0131m\u0131z Say\u0131n Yusuf Tekin\u2019in \u00f6nc\u00fcl\u00fc\u011f\u00fcnde y\u00fcr\u00fct\u00fclen T\u00fcrkiye Y\u00fczy\u0131l\u0131 Maarif Modeli ile \u00f6\u011frencilerimiz kendilerini ifade edebilecekleri \u00e7al\u0131\u015fmalar ortaya koyarak bizleri gururland\u0131r\u0131yor. Bu model sayesinde Manisa\u2019daki bir\u00e7ok \u00f6\u011frencimiz, T\u00fcrkiye Y\u00fczy\u0131l\u0131 hedeflerine ula\u015facak kadrolar olma yolunda ilerliyor. \u0130nan\u0131yorum ki gelece\u011fimiz, \u00f6\u011frencilerimizin ellerinde \u00e7ok daha g\u00fczel olacak. \u00d6\u011frencimizi ve \u00f6\u011fretmenimizi g\u00f6n\u00fclden tebrik ederim&#8221; \u015feklinde konu\u015ftu.<br \/>\n<br \/>M\u00fcd\u00fcr U\u011furelli, konu\u015fmas\u0131n\u0131n ard\u0131ndan Elisa \u00c7etink\u0131l\u0131\u00e7\u2019a bir robotik kodlama seti, \u00f6\u011fretmeni Tu\u011fba Salman \u00c7akmaklar\u2019a ise \u00fc\u00e7 boyutlu bir kalem hediye etti.<br \/><\/p>\n","protected":false},"excerpt":{"rendered":"<p>Manisa Soma Mehmet Akif Ersoy \u0130lkokulu 4\u2019\u00fcnc\u00fc s\u0131n\u0131f \u00f6\u011frencisi Elisa \u00c7etink\u0131l\u0131\u00e7, \u00f6\u011fretmeninin verdi\u011fi \u00f6dev \u00fczerine at\u0131k malzemeleri kullanarak di\u011fer modellere g\u00f6re daha sessiz \u00e7al\u0131\u015fan bir el s\u00fcp\u00fcrgesi tasarlad\u0131. Manisa\u2019da Soma Mehmet Akif Ersoy \u0130lkokulu 4\u2019\u00fcnc\u00fc s\u0131n\u0131f \u00f6\u011frencisi Elisa \u00c7etink\u0131l\u0131\u00e7, \u00f6\u011fretmeninin verdi\u011fi \u00f6dev dahilinde \u00e7evre dostu bir yakla\u015f\u0131m sergileyerek \u2019Elison 6745\u2019 ad\u0131n\u0131 verdi\u011fi el s\u00fcp\u00fcrgesini geli\u015ftirdi&#8230;.<\/p>\n","protected":false},"author":1,"featured_media":30412,"comment_status":"open","ping_status":"open","sticky":false,"template":"","format":"standard","meta":{"_crdt_document":"","footnotes":""},"categories":[1],"tags":[],"class_list":["post-30411","post","type-post","status-publish","format-standard","has-post-thumbnail","hentry","category-guncel"],"_links":{"self":[{"href":"https:\/\/www.egemtv.com\/index.php?rest_route=\/wp\/v2\/posts\/30411","targetHints":{"allow":["GET"]}}],"collection":[{"href":"https:\/\/www.egemtv.com\/index.php?rest_route=\/wp\/v2\/posts"}],"about":[{"href":"https:\/\/www.egemtv.com\/index.php?rest_route=\/wp\/v2\/types\/post"}],"author":[{"embeddable":true,"href":"https:\/\/www.egemtv.com\/index.php?rest_route=\/wp\/v2\/users\/1"}],"replies":[{"embeddable":true,"href":"https:\/\/www.egemtv.com\/index.php?rest_route=%2Fwp%2Fv2%2Fcomments&post=30411"}],"version-history":[{"count":1,"href":"https:\/\/www.egemtv.com\/index.php?rest_route=\/wp\/v2\/posts\/30411\/revisions"}],"predecessor-version":[{"id":30413,"href":"https:\/\/www.egemtv.com\/index.php?rest_route=\/wp\/v2\/posts\/30411\/revisions\/30413"}],"wp:featuredmedia":[{"embeddable":true,"href":"https:\/\/www.egemtv.com\/index.php?rest_route=\/wp\/v2\/media\/30412"}],"wp:attachment":[{"href":"https:\/\/www.egemtv.com\/index.php?rest_route=%2Fwp%2Fv2%2Fmedia&parent=30411"}],"wp:term":[{"taxonomy":"category","embeddable":true,"href":"https:\/\/www.egemtv.com\/index.php?rest_route=%2Fwp%2Fv2%2Fcategories&post=30411"},{"taxonomy":"post_tag","embeddable":true,"href":"https:\/\/www.egemtv.com\/index.php?rest_route=%2Fwp%2Fv2%2Ftags&post=30411"}],"curies":[{"name":"wp","href":"https:\/\/api.w.org\/{rel}","templated":true}]}}