{"id":30408,"date":"2025-05-21T12:55:44","date_gmt":"2025-05-21T09:55:44","guid":{"rendered":"https:\/\/www.egemtv.com\/?p=30408"},"modified":"2025-05-21T12:55:47","modified_gmt":"2025-05-21T09:55:47","slug":"yazili-kanyonda-bogulan-denizlili-genc-son-yolculuguna-ugurlandi","status":"publish","type":"post","link":"https:\/\/www.egemtv.com\/?p=30408","title":{"rendered":"Yaz\u0131l\u0131 Kanyonda bo\u011fulan Denizlili gen\u00e7 son yolculu\u011funa u\u011furland\u0131"},"content":{"rendered":"<p>Isparta\u2019n\u0131n S\u00fct\u00e7\u00fcler il\u00e7esindeki Yaz\u0131l\u0131 Kanyonda dengesini kaybederek suya d\u00fc\u015fen 19 ya\u015f\u0131ndaki \u00fcniversite \u00f6\u011frencisinin cans\u0131z bedenine ula\u015f\u0131ld\u0131. Ailesi taraf\u0131ndan teslim al\u0131nan gencin cans\u0131z bedeni, Denizli\u2019ye getirilerek son yolculu\u011funa u\u011furland\u0131.<\/p>\n<p>Olay, \u00c7and\u0131r k\u00f6y\u00fc s\u0131n\u0131rlar\u0131nda bulunan Yaz\u0131l\u0131 Kanyon Tabiat Park\u0131nda meydana geldi. Edinilen bilgilere g\u00f6re, S\u00fcleyman Demirel \u00dcniversitesi Spor Bilimleri Fak\u00fcltesi \u00f6\u011frencisi Muhammet Enes Sar\u0131kaya (19), arkada\u015flar\u0131yla birlikte kanyona geldi. Suya girmek \u00fczereyken kayal\u0131k alanda dengesini kaybederek suya d\u00fc\u015fen gen\u00e7, ak\u0131nt\u0131ya kap\u0131larak bir anda g\u00f6zden kayboldu. Durumun haber verilmesi \u00fczerine olay yerine S\u00fct\u00e7\u00fcler \u0130l\u00e7e Jandarma Komutanl\u0131\u011f\u0131 Asayi\u015f Timi, AFAD ekipleri ile Isparta Belediyesi \u0130tfaiye M\u00fcd\u00fcrl\u00fc\u011f\u00fcne ba\u011fl\u0131 dalg\u0131\u00e7 ekipleri sevk edildi. Ekipler, kanyonda hem su y\u00fczeyinde hem de su alt\u0131nda arama kurtarma \u00e7al\u0131\u015fmas\u0131 ba\u015flatt\u0131. Yakla\u015f\u0131k 7 saat s\u00fcren \u00e7al\u0131\u015fmalar\u0131n ard\u0131ndan Muhammet Enes Sar\u0131kaya\u2019n\u0131n cans\u0131z bedeni kayal\u0131klar\u0131n 3 metre alt\u0131nda, suyun girdap yapt\u0131\u011f\u0131 b\u00f6lgede dalg\u0131\u00e7lar taraf\u0131ndan bulundu. Sudan \u00e7\u0131kar\u0131lan gencin cenazesi, otopsi yap\u0131lmak \u00fczere hastane morguna kald\u0131r\u0131ld\u0131.<\/p>\n<p>Denizli Bozburun Mahallesi n\u00fcfusuna kay\u0131tl\u0131 olan Muhammed Enes Sar\u0131kaya\u2019n\u0131n cans\u0131z bedeni yap\u0131lan otopsinin ard\u0131ndan ailesi taraf\u0131ndan Denizli\u2019ye getirildi. Bozburun Camisinde k\u0131l\u0131nan cenaze namaz\u0131n\u0131n ard\u0131ndan Sar\u0131kaya, Bozburun Mezarl\u0131\u011f\u0131\u2019nda defin edildi<br \/><\/p>\n","protected":false},"excerpt":{"rendered":"<p>Isparta\u2019n\u0131n S\u00fct\u00e7\u00fcler il\u00e7esindeki Yaz\u0131l\u0131 Kanyonda dengesini kaybederek suya d\u00fc\u015fen 19 ya\u015f\u0131ndaki \u00fcniversite \u00f6\u011frencisinin cans\u0131z bedenine ula\u015f\u0131ld\u0131. Ailesi taraf\u0131ndan teslim al\u0131nan gencin cans\u0131z bedeni, Denizli\u2019ye getirilerek son yolculu\u011funa u\u011furland\u0131. Olay, \u00c7and\u0131r k\u00f6y\u00fc s\u0131n\u0131rlar\u0131nda bulunan Yaz\u0131l\u0131 Kanyon Tabiat Park\u0131nda meydana geldi. Edinilen bilgilere g\u00f6re, S\u00fcleyman Demirel \u00dcniversitesi Spor Bilimleri Fak\u00fcltesi \u00f6\u011frencisi Muhammet Enes Sar\u0131kaya (19), arkada\u015flar\u0131yla birlikte&#8230;<\/p>\n","protected":false},"author":1,"featured_media":30409,"comment_status":"open","ping_status":"open","sticky":false,"template":"","format":"standard","meta":{"_crdt_document":"","footnotes":""},"categories":[5],"tags":[],"class_list":["post-30408","post","type-post","status-publish","format-standard","has-post-thumbnail","hentry","category-asayis"],"_links":{"self":[{"href":"https:\/\/www.egemtv.com\/index.php?rest_route=\/wp\/v2\/posts\/30408","targetHints":{"allow":["GET"]}}],"collection":[{"href":"https:\/\/www.egemtv.com\/index.php?rest_route=\/wp\/v2\/posts"}],"about":[{"href":"https:\/\/www.egemtv.com\/index.php?rest_route=\/wp\/v2\/types\/post"}],"author":[{"embeddable":true,"href":"https:\/\/www.egemtv.com\/index.php?rest_route=\/wp\/v2\/users\/1"}],"replies":[{"embeddable":true,"href":"https:\/\/www.egemtv.com\/index.php?rest_route=%2Fwp%2Fv2%2Fcomments&post=30408"}],"version-history":[{"count":1,"href":"https:\/\/www.egemtv.com\/index.php?rest_route=\/wp\/v2\/posts\/30408\/revisions"}],"predecessor-version":[{"id":30410,"href":"https:\/\/www.egemtv.com\/index.php?rest_route=\/wp\/v2\/posts\/30408\/revisions\/30410"}],"wp:featuredmedia":[{"embeddable":true,"href":"https:\/\/www.egemtv.com\/index.php?rest_route=\/wp\/v2\/media\/30409"}],"wp:attachment":[{"href":"https:\/\/www.egemtv.com\/index.php?rest_route=%2Fwp%2Fv2%2Fmedia&parent=30408"}],"wp:term":[{"taxonomy":"category","embeddable":true,"href":"https:\/\/www.egemtv.com\/index.php?rest_route=%2Fwp%2Fv2%2Fcategories&post=30408"},{"taxonomy":"post_tag","embeddable":true,"href":"https:\/\/www.egemtv.com\/index.php?rest_route=%2Fwp%2Fv2%2Ftags&post=30408"}],"curies":[{"name":"wp","href":"https:\/\/api.w.org\/{rel}","templated":true}]}}