{"id":30405,"date":"2025-05-21T12:37:35","date_gmt":"2025-05-21T09:37:35","guid":{"rendered":"https:\/\/www.egemtv.com\/?p=30405"},"modified":"2025-05-21T12:37:40","modified_gmt":"2025-05-21T09:37:40","slug":"fethiyede-ak-parti-ilce-baskanligi-binasina-tasli-saldiri","status":"publish","type":"post","link":"https:\/\/www.egemtv.com\/?p=30405","title":{"rendered":"Fethiye\u2019de AK Parti \u0130l\u00e7e Ba\u015fkanl\u0131\u011f\u0131 binas\u0131na ta\u015fl\u0131 sald\u0131r\u0131"},"content":{"rendered":"<p>Mu\u011fla\u2019n\u0131n Fethiye il\u00e7esinde AK Parti \u0130l\u00e7e Ba\u015fkanl\u0131\u011f\u0131 binas\u0131na ta\u015fl\u0131 sald\u0131r\u0131 d\u00fczenlendi.<br \/>\n<br \/>Edinilen bilgilere g\u00f6re, \u00c7ar\u015f\u0131 Caddesi \u00fczerinde bulunan AK Parti Fethiye \u0130l\u00e7e Ba\u015fkanl\u0131\u011f\u0131 binas\u0131na, saat 04.00 s\u0131ralar\u0131nda kimli\u011fi hen\u00fcz belirlenemeyen, y\u00fcz\u00fc maskeli bir ki\u015fi taraf\u0131ndan ta\u015fl\u0131 sald\u0131r\u0131 ger\u00e7ekle\u015ftirildi. Sald\u0131r\u0131 s\u0131ras\u0131nda binada kimsenin bulunmad\u0131\u011f\u0131 \u00f6\u011frenilirken, at\u0131lan parke ta\u015f\u0131 sonucu giri\u015f kap\u0131s\u0131ndaki cam k\u0131r\u0131ld\u0131. Olay\u0131n ard\u0131ndan b\u00f6lgeye sevk edilen polis ekipleri, binada ve \u00e7evrede incelemelerde bulundu. G\u00fcvenlik kameralar\u0131n\u0131 mercek alt\u0131na alan ekipler, sald\u0131rgan\u0131n kimli\u011fini tespit etmek ve yakalamak i\u00e7in \u00e7al\u0131\u015fma ba\u015flatt\u0131.<br \/>\n<br \/>Sald\u0131r\u0131 an\u0131 ise, g\u00fcvenlik kameras\u0131 g\u00f6r\u00fcnt\u00fclerine yans\u0131d\u0131.<br \/><\/p>\n","protected":false},"excerpt":{"rendered":"<p>Mu\u011fla\u2019n\u0131n Fethiye il\u00e7esinde AK Parti \u0130l\u00e7e Ba\u015fkanl\u0131\u011f\u0131 binas\u0131na ta\u015fl\u0131 sald\u0131r\u0131 d\u00fczenlendi. Edinilen bilgilere g\u00f6re, \u00c7ar\u015f\u0131 Caddesi \u00fczerinde bulunan AK Parti Fethiye \u0130l\u00e7e Ba\u015fkanl\u0131\u011f\u0131 binas\u0131na, saat 04.00 s\u0131ralar\u0131nda kimli\u011fi hen\u00fcz belirlenemeyen, y\u00fcz\u00fc maskeli bir ki\u015fi taraf\u0131ndan ta\u015fl\u0131 sald\u0131r\u0131 ger\u00e7ekle\u015ftirildi. Sald\u0131r\u0131 s\u0131ras\u0131nda binada kimsenin bulunmad\u0131\u011f\u0131 \u00f6\u011frenilirken, at\u0131lan parke ta\u015f\u0131 sonucu giri\u015f kap\u0131s\u0131ndaki cam k\u0131r\u0131ld\u0131. Olay\u0131n ard\u0131ndan b\u00f6lgeye&#8230;<\/p>\n","protected":false},"author":1,"featured_media":30406,"comment_status":"open","ping_status":"open","sticky":false,"template":"","format":"standard","meta":{"_crdt_document":"","footnotes":""},"categories":[5],"tags":[],"class_list":["post-30405","post","type-post","status-publish","format-standard","has-post-thumbnail","hentry","category-asayis"],"_links":{"self":[{"href":"https:\/\/www.egemtv.com\/index.php?rest_route=\/wp\/v2\/posts\/30405","targetHints":{"allow":["GET"]}}],"collection":[{"href":"https:\/\/www.egemtv.com\/index.php?rest_route=\/wp\/v2\/posts"}],"about":[{"href":"https:\/\/www.egemtv.com\/index.php?rest_route=\/wp\/v2\/types\/post"}],"author":[{"embeddable":true,"href":"https:\/\/www.egemtv.com\/index.php?rest_route=\/wp\/v2\/users\/1"}],"replies":[{"embeddable":true,"href":"https:\/\/www.egemtv.com\/index.php?rest_route=%2Fwp%2Fv2%2Fcomments&post=30405"}],"version-history":[{"count":1,"href":"https:\/\/www.egemtv.com\/index.php?rest_route=\/wp\/v2\/posts\/30405\/revisions"}],"predecessor-version":[{"id":30407,"href":"https:\/\/www.egemtv.com\/index.php?rest_route=\/wp\/v2\/posts\/30405\/revisions\/30407"}],"wp:featuredmedia":[{"embeddable":true,"href":"https:\/\/www.egemtv.com\/index.php?rest_route=\/wp\/v2\/media\/30406"}],"wp:attachment":[{"href":"https:\/\/www.egemtv.com\/index.php?rest_route=%2Fwp%2Fv2%2Fmedia&parent=30405"}],"wp:term":[{"taxonomy":"category","embeddable":true,"href":"https:\/\/www.egemtv.com\/index.php?rest_route=%2Fwp%2Fv2%2Fcategories&post=30405"},{"taxonomy":"post_tag","embeddable":true,"href":"https:\/\/www.egemtv.com\/index.php?rest_route=%2Fwp%2Fv2%2Ftags&post=30405"}],"curies":[{"name":"wp","href":"https:\/\/api.w.org\/{rel}","templated":true}]}}