{"id":30396,"date":"2025-05-21T12:15:37","date_gmt":"2025-05-21T09:15:37","guid":{"rendered":"https:\/\/www.egemtv.com\/?p=30396"},"modified":"2025-05-21T12:15:42","modified_gmt":"2025-05-21T09:15:42","slug":"bu-cicegi-koparmanin-cezasi-557-bin-tl","status":"publish","type":"post","link":"https:\/\/www.egemtv.com\/?p=30396","title":{"rendered":"Bu \u00e7i\u00e7e\u011fi koparman\u0131n cezas\u0131 557 bin TL"},"content":{"rendered":"<p>D\u00fcnya Do\u011fay\u0131 Koruma Birli\u011fi\u2019nin K\u0131rm\u0131z\u0131 Listesi\u2019nde yer alan endemik t\u00fcrlerden t\u00fcyl\u00fc \u00e7an \u00e7i\u00e7e\u011fini koparman\u0131n cezas\u0131 557 bin 212 TL olurken, jandarma ekipleri de endemik bitkilerin korunmas\u0131 i\u00e7in kontrollerine aral\u0131ks\u0131z devam ediyor.<\/p>\n<p>D\u00fcnyada sadece Ayd\u0131n\u2019\u0131n S\u00f6ke ve Ku\u015fadas\u0131 il\u00e7elerinde ya\u015fayan endemik bir bitki t\u00fcr\u00fc olan &#8220;T\u00fcyl\u00fc \u00c7an \u00c7i\u00e7e\u011fi&#8221; i\u00e7in harekete ge\u00e7en jandarma ekipleri kontrollerine aral\u0131ks\u0131z devam ediyor. Bu \u00e7er\u00e7evede Ayd\u0131n \u0130l Jandarma Komutanl\u0131\u011f\u0131 \u00c7evre, Do\u011fa ve Hayvanlar\u0131 Koruma Tim Komutanl\u0131\u011f\u0131nca, sadece Ku\u015fadas\u0131 il\u00e7esi Dilek Yar\u0131madas\u0131 ve S\u00f6ke il\u00e7esi Eski Do\u011fanbey Mahallesi\u2019nde yeti\u015fen ve nesli tehlike alt\u0131nda endemik t\u00fcrlerden T\u00fcyl\u00fc \u00c7an \u00c7i\u00e7e\u011fi bitkisinin yeti\u015fti\u011fi b\u00f6lgeleri kontrol etti. 2872 Say\u0131l\u0131 \u00c7evre Kanunun 20. Madde gere\u011fince T\u00fcyl\u00fc \u00c7an \u00c7i\u00e7e\u011fi bitkisinin kopar\u0131lmas\u0131 ya da zarar verilmesi halinde 557 bin 212 TL para cezas\u0131 uygulan\u0131yor.<\/p>\n<p>Konu ile ilgili Ayd\u0131n \u0130l Jandarma Komutanl\u0131\u011f\u0131\u2019ndan yap\u0131lan a\u00e7\u0131klamada &#8220;Ayd\u0131n \u0130l Jandarma Komutanl\u0131\u011f\u0131 \u00c7evre, Do\u011fa ve Hayvanlar\u0131 Koruma Tim Komutanl\u0131\u011f\u0131nca S\u00f6ke il\u00e7esi Eski Do\u011fanbey mahallesi s\u0131n\u0131rlar\u0131 i\u00e7erisinde yeti\u015fen kopar\u0131lmas\u0131 ve zarar verilmesi durumunda 2872 say\u0131l\u0131 \u00c7evre Kanunun madde 20 K bendi gere\u011fince  557 bin 212 lira idari para cezas\u0131 bulunan endemik bitki t\u00fcr\u00fc T\u00fcyl\u00fc \u00c7an \u00c7ice\u011fi\u2019nin kontrol\u00fc yap\u0131lm\u0131\u015ft\u0131r. B\u00f6lgeyi ziyarete gelen vatanda\u015flara T\u00fcyl\u00fc \u00c7an \u00c7i\u00e7e\u011fi ve orman yang\u0131nlar\u0131na kar\u015f\u0131 dikkat edilmesi gereken hususlarla ilgili \u2018Her \u015eey Elimizde\u2019 mottosuyla bilgilendirme yap\u0131larak ormanl\u0131k alanlarda dikkat edilmesi gereken kurallar bro\u015f\u00fcr\u00fc da\u011f\u0131t\u0131lm\u0131\u015ft\u0131r&#8221; ifadeleri yer ald\u0131.<br \/><\/p>\n","protected":false},"excerpt":{"rendered":"<p>D\u00fcnya Do\u011fay\u0131 Koruma Birli\u011fi\u2019nin K\u0131rm\u0131z\u0131 Listesi\u2019nde yer alan endemik t\u00fcrlerden t\u00fcyl\u00fc \u00e7an \u00e7i\u00e7e\u011fini koparman\u0131n cezas\u0131 557 bin 212 TL olurken, jandarma ekipleri de endemik bitkilerin korunmas\u0131 i\u00e7in kontrollerine aral\u0131ks\u0131z devam ediyor. D\u00fcnyada sadece Ayd\u0131n\u2019\u0131n S\u00f6ke ve Ku\u015fadas\u0131 il\u00e7elerinde ya\u015fayan endemik bir bitki t\u00fcr\u00fc olan &#8220;T\u00fcyl\u00fc \u00c7an \u00c7i\u00e7e\u011fi&#8221; i\u00e7in harekete ge\u00e7en jandarma ekipleri kontrollerine aral\u0131ks\u0131z devam&#8230;<\/p>\n","protected":false},"author":1,"featured_media":30397,"comment_status":"open","ping_status":"open","sticky":false,"template":"","format":"standard","meta":{"_crdt_document":"","footnotes":""},"categories":[1],"tags":[],"class_list":["post-30396","post","type-post","status-publish","format-standard","has-post-thumbnail","hentry","category-guncel"],"_links":{"self":[{"href":"https:\/\/www.egemtv.com\/index.php?rest_route=\/wp\/v2\/posts\/30396","targetHints":{"allow":["GET"]}}],"collection":[{"href":"https:\/\/www.egemtv.com\/index.php?rest_route=\/wp\/v2\/posts"}],"about":[{"href":"https:\/\/www.egemtv.com\/index.php?rest_route=\/wp\/v2\/types\/post"}],"author":[{"embeddable":true,"href":"https:\/\/www.egemtv.com\/index.php?rest_route=\/wp\/v2\/users\/1"}],"replies":[{"embeddable":true,"href":"https:\/\/www.egemtv.com\/index.php?rest_route=%2Fwp%2Fv2%2Fcomments&post=30396"}],"version-history":[{"count":1,"href":"https:\/\/www.egemtv.com\/index.php?rest_route=\/wp\/v2\/posts\/30396\/revisions"}],"predecessor-version":[{"id":30398,"href":"https:\/\/www.egemtv.com\/index.php?rest_route=\/wp\/v2\/posts\/30396\/revisions\/30398"}],"wp:featuredmedia":[{"embeddable":true,"href":"https:\/\/www.egemtv.com\/index.php?rest_route=\/wp\/v2\/media\/30397"}],"wp:attachment":[{"href":"https:\/\/www.egemtv.com\/index.php?rest_route=%2Fwp%2Fv2%2Fmedia&parent=30396"}],"wp:term":[{"taxonomy":"category","embeddable":true,"href":"https:\/\/www.egemtv.com\/index.php?rest_route=%2Fwp%2Fv2%2Fcategories&post=30396"},{"taxonomy":"post_tag","embeddable":true,"href":"https:\/\/www.egemtv.com\/index.php?rest_route=%2Fwp%2Fv2%2Ftags&post=30396"}],"curies":[{"name":"wp","href":"https:\/\/api.w.org\/{rel}","templated":true}]}}