{"id":30393,"date":"2025-05-21T11:56:58","date_gmt":"2025-05-21T08:56:58","guid":{"rendered":"https:\/\/www.egemtv.com\/?p=30393"},"modified":"2025-05-21T11:57:04","modified_gmt":"2025-05-21T08:57:04","slug":"gedizde-hali-saha-turnuvasi-eski-milli-futbolcu-saffet-sancaklinin-katildigi-finalle-sona-erdi","status":"publish","type":"post","link":"https:\/\/www.egemtv.com\/?p=30393","title":{"rendered":"Gediz\u2019de hal\u0131 saha turnuvas\u0131, eski milli futbolcu Saffet Sancakl\u0131\u2019n\u0131n kat\u0131ld\u0131\u011f\u0131 finalle sona erdi"},"content":{"rendered":"<p>K\u00fctahya\u2019n\u0131n Gediz il\u00e7esinde bu y\u0131l 20.\u2019si d\u00fczenlenen geleneksel hal\u0131 saha futbol turnuvas\u0131 tamamland\u0131. Final ma\u00e7\u0131na MHP Kocaeli Milletvekili ve eski milli futbolcu Saffet Sancakl\u0131 da kat\u0131ld\u0131.<br \/>\n<br \/>Gediz \u015eehir Stadyumu\u2019nda ger\u00e7ekle\u015fen final m\u00fcsabakas\u0131na Sancakl\u0131\u2019n\u0131n yan\u0131 s\u0131ra MHP K\u00fctahya Milletvekili Ahmet Erba\u015f, Gediz Belediye Ba\u015fkan\u0131 Necdet Akel, \u00e7evre il\u00e7e belediye ba\u015fkanlar\u0131 ve Gediz protokol\u00fcnden \u00f6nemli isimler kat\u0131ld\u0131. Vatanda\u015flar\u0131n yo\u011fun ilgi g\u00f6sterdi\u011fi turnuvan\u0131n finali, Candemir Tar\u0131m Spor ile Tufan Tur aras\u0131nda oynand\u0131. Nefes kesen m\u00fccadele sonucunda Candemir Tar\u0131m Spor, rakibini ma\u011flup ederek \u015fampiyonlu\u011fa ula\u015ft\u0131. Turnuvan\u0131n \u00fc\u00e7\u00fcnc\u00fcl\u00fck ma\u00e7\u0131nda ise Gediz Sazk\u00f6y Un, Halkbank\u2019\u0131 yenerek \u00fc\u00e7\u00fcnc\u00fc oldu.<br \/>\n<br \/>Etkinlikle ilgili konu\u015fan MHP Kocaeli Milletvekili Saffet Sancakl\u0131, organizasyonun g\u00fczelli\u011fine vurgu yaparak, &#8220;\u00c7ok g\u00fczel bir organizasyon. Hal\u0131 saha turnuvas\u0131 finali, \u015eampiyonlar Ligi m\u00fczi\u011fi, \u00f6zledi\u011fimiz g\u00f6r\u00fcnt\u00fcler. Eme\u011fi ge\u00e7en ba\u015fta ba\u015fkan olmak \u00fczere, Ahmet karde\u015fim K\u00fctahya\u2019n\u0131n gururu milletvekili, k\u0131ymetini bilin. Buradan bunu s\u00f6yleyeyim. K\u00fctahya i\u00e7in hem mecliste hem bakanl\u0131klarda bu kadar \u00e7al\u0131\u015fan \u00e7ok az vekil vard\u0131r. K\u0131ymetini bilelim. Davet ettiler geldim. Memnun oldum. Te\u015fekk\u00fcr ederim. Turnuva \u00e7ok g\u00fczel. \u015eampiyon olan tak\u0131m\u0131 tebrik edece\u011fiz&#8221; ifadelerini kulland\u0131.<br \/>\n<br \/>MHP K\u00fctahya Milletvekili Ahmet Erba\u015f ise turnuvada eme\u011fi ge\u00e7en herkese te\u015fekk\u00fcrlerini sunarken, &#8220;Ba\u015fta ba\u015fkan\u0131m\u0131z olmak \u00fczere kat\u0131lan b\u00fct\u00fcn tak\u0131mlara. \u00c7ok da g\u00fczel ma\u00e7lar oluyor. Biz final ma\u00e7\u0131na yeti\u015ftik. \u00c7ok g\u00fczel g\u00f6r\u00fcnt\u00fc var, bizleri yaln\u0131z b\u0131rakmayan Saffet Sancakl\u0131 karde\u015fime, T\u00fcrkiye futbolunun gururuna, gen\u00e7lerin y\u00fcre\u011findeki Saffet abilerine hem \u015fahs\u0131m hem il\u00e7em ve hem partim ad\u0131na te\u015fekk\u00fcr ederim. G\u00fczel bir ma\u00e7 olacak&#8221; dedi.<br \/>\n<br \/>Gediz Belediye Ba\u015fkan\u0131 Necdet Akel de turnuvaya kat\u0131lan ve kendilerini onurland\u0131ran Saffet Sancakl\u0131 ve Ahmet Erba\u015f\u2019a te\u015fekk\u00fcr ederek, &#8220;Bu sene 20\u2019ncisi d\u00fczenlenen hal\u0131 saha turnuvas\u0131n\u0131n final ma\u00e7\u0131nday\u0131z. Te\u015frifleriyle bizleri onurland\u0131ran Saffet Kaptan\u0131ma, Saffet Vekilime, Ahmet vekilime \u00e7ok te\u015fekk\u00fcr ederim. Bizim i\u00e7in bir onur oldu. \u0130n\u015fallah bu tip etkinlikleri il\u00e7emizde yapmaya devam edece\u011fiz. Kat\u0131l\u0131mlar\u0131ndan dolay\u0131 say\u0131n vekillerime \u00e7ok te\u015fekk\u00fcr ederim&#8221; \u015feklinde konu\u015ftu.<br \/>\n<br \/>Turnuva sonunda dereceye giren ilk d\u00f6rt tak\u0131ma \u00f6d\u00fclleri, d\u00fczenlenen t\u00f6renle takdim edildi.<br \/><\/p>\n","protected":false},"excerpt":{"rendered":"<p>K\u00fctahya\u2019n\u0131n Gediz il\u00e7esinde bu y\u0131l 20.\u2019si d\u00fczenlenen geleneksel hal\u0131 saha futbol turnuvas\u0131 tamamland\u0131. Final ma\u00e7\u0131na MHP Kocaeli Milletvekili ve eski milli futbolcu Saffet Sancakl\u0131 da kat\u0131ld\u0131. Gediz \u015eehir Stadyumu\u2019nda ger\u00e7ekle\u015fen final m\u00fcsabakas\u0131na Sancakl\u0131\u2019n\u0131n yan\u0131 s\u0131ra MHP K\u00fctahya Milletvekili Ahmet Erba\u015f, Gediz Belediye Ba\u015fkan\u0131 Necdet Akel, \u00e7evre il\u00e7e belediye ba\u015fkanlar\u0131 ve Gediz protokol\u00fcnden \u00f6nemli isimler kat\u0131ld\u0131&#8230;.<\/p>\n","protected":false},"author":1,"featured_media":30394,"comment_status":"open","ping_status":"open","sticky":false,"template":"","format":"standard","meta":{"_crdt_document":"","footnotes":""},"categories":[4],"tags":[],"class_list":["post-30393","post","type-post","status-publish","format-standard","has-post-thumbnail","hentry","category-spor"],"_links":{"self":[{"href":"https:\/\/www.egemtv.com\/index.php?rest_route=\/wp\/v2\/posts\/30393","targetHints":{"allow":["GET"]}}],"collection":[{"href":"https:\/\/www.egemtv.com\/index.php?rest_route=\/wp\/v2\/posts"}],"about":[{"href":"https:\/\/www.egemtv.com\/index.php?rest_route=\/wp\/v2\/types\/post"}],"author":[{"embeddable":true,"href":"https:\/\/www.egemtv.com\/index.php?rest_route=\/wp\/v2\/users\/1"}],"replies":[{"embeddable":true,"href":"https:\/\/www.egemtv.com\/index.php?rest_route=%2Fwp%2Fv2%2Fcomments&post=30393"}],"version-history":[{"count":1,"href":"https:\/\/www.egemtv.com\/index.php?rest_route=\/wp\/v2\/posts\/30393\/revisions"}],"predecessor-version":[{"id":30395,"href":"https:\/\/www.egemtv.com\/index.php?rest_route=\/wp\/v2\/posts\/30393\/revisions\/30395"}],"wp:featuredmedia":[{"embeddable":true,"href":"https:\/\/www.egemtv.com\/index.php?rest_route=\/wp\/v2\/media\/30394"}],"wp:attachment":[{"href":"https:\/\/www.egemtv.com\/index.php?rest_route=%2Fwp%2Fv2%2Fmedia&parent=30393"}],"wp:term":[{"taxonomy":"category","embeddable":true,"href":"https:\/\/www.egemtv.com\/index.php?rest_route=%2Fwp%2Fv2%2Fcategories&post=30393"},{"taxonomy":"post_tag","embeddable":true,"href":"https:\/\/www.egemtv.com\/index.php?rest_route=%2Fwp%2Fv2%2Ftags&post=30393"}],"curies":[{"name":"wp","href":"https:\/\/api.w.org\/{rel}","templated":true}]}}