{"id":30390,"date":"2025-05-21T11:56:57","date_gmt":"2025-05-21T08:56:57","guid":{"rendered":"https:\/\/www.egemtv.com\/?p=30390"},"modified":"2025-05-21T11:56:58","modified_gmt":"2025-05-21T08:56:58","slug":"bes-ilde-hirsizlik-yapan-sahis-kuyucakta-yakalandi","status":"publish","type":"post","link":"https:\/\/www.egemtv.com\/?p=30390","title":{"rendered":"Be\u015f ilde h\u0131rs\u0131zl\u0131k yapan \u015fah\u0131s Kuyucak\u2019ta yakaland\u0131"},"content":{"rendered":"<p>Be\u015f ilde h\u0131rs\u0131zl\u0131k olay\u0131na kar\u0131\u015ft\u0131\u011f\u0131 tespit edilen 8 ayr\u0131 h\u0131rs\u0131zl\u0131k su\u00e7undan toplam 30 y\u0131l hapis cezas\u0131 ile aranan \u015fah\u0131s Ayd\u0131n\u2019\u0131n Kuyucak il\u00e7esinde yakaland\u0131.<br \/>\n<br \/>Ayd\u0131n \u0130l Jandarma Komutanl\u0131\u011f\u0131 JASAT Timleri ve Kuyucak \u0130l\u00e7e Jandarma Komutanl\u0131\u011f\u0131 taraf\u0131ndan uzun s\u00fcredir nitelikli su\u00e7tan aranan bir \u015fahs\u0131n yakalanmas\u0131na y\u00f6nelik \u00e7al\u0131\u015fma ba\u015flat\u0131ld\u0131. Ayd\u0131n, \u0130zmir, Mu\u011fla, Denizli ve Manisa illerinde 8 ayr\u0131 h\u0131rs\u0131zl\u0131k su\u00e7undan toplam 30 y\u0131l hapis cezas\u0131na h\u00fck\u00fcml\u00fc G.B.(45) ile ilgili olarak yap\u0131lan mahalli ve istihbar\u0131 \u00e7al\u0131\u015fmalar sonucu Kuyucak il\u00e7esinde takip sonucu yakaland\u0131. \u015eah\u0131s adli i\u015flemlerinin ard\u0131ndan Ceza \u0130nfaz Kurumu\u2019na teslim edildi.<br \/><\/p>\n","protected":false},"excerpt":{"rendered":"<p>Be\u015f ilde h\u0131rs\u0131zl\u0131k olay\u0131na kar\u0131\u015ft\u0131\u011f\u0131 tespit edilen 8 ayr\u0131 h\u0131rs\u0131zl\u0131k su\u00e7undan toplam 30 y\u0131l hapis cezas\u0131 ile aranan \u015fah\u0131s Ayd\u0131n\u2019\u0131n Kuyucak il\u00e7esinde yakaland\u0131. Ayd\u0131n \u0130l Jandarma Komutanl\u0131\u011f\u0131 JASAT Timleri ve Kuyucak \u0130l\u00e7e Jandarma Komutanl\u0131\u011f\u0131 taraf\u0131ndan uzun s\u00fcredir nitelikli su\u00e7tan aranan bir \u015fahs\u0131n yakalanmas\u0131na y\u00f6nelik \u00e7al\u0131\u015fma ba\u015flat\u0131ld\u0131. Ayd\u0131n, \u0130zmir, Mu\u011fla, Denizli ve Manisa illerinde 8 ayr\u0131&#8230;<\/p>\n","protected":false},"author":1,"featured_media":30391,"comment_status":"open","ping_status":"open","sticky":false,"template":"","format":"standard","meta":{"_crdt_document":"","footnotes":""},"categories":[5],"tags":[],"class_list":["post-30390","post","type-post","status-publish","format-standard","has-post-thumbnail","hentry","category-asayis"],"_links":{"self":[{"href":"https:\/\/www.egemtv.com\/index.php?rest_route=\/wp\/v2\/posts\/30390","targetHints":{"allow":["GET"]}}],"collection":[{"href":"https:\/\/www.egemtv.com\/index.php?rest_route=\/wp\/v2\/posts"}],"about":[{"href":"https:\/\/www.egemtv.com\/index.php?rest_route=\/wp\/v2\/types\/post"}],"author":[{"embeddable":true,"href":"https:\/\/www.egemtv.com\/index.php?rest_route=\/wp\/v2\/users\/1"}],"replies":[{"embeddable":true,"href":"https:\/\/www.egemtv.com\/index.php?rest_route=%2Fwp%2Fv2%2Fcomments&post=30390"}],"version-history":[{"count":1,"href":"https:\/\/www.egemtv.com\/index.php?rest_route=\/wp\/v2\/posts\/30390\/revisions"}],"predecessor-version":[{"id":30392,"href":"https:\/\/www.egemtv.com\/index.php?rest_route=\/wp\/v2\/posts\/30390\/revisions\/30392"}],"wp:featuredmedia":[{"embeddable":true,"href":"https:\/\/www.egemtv.com\/index.php?rest_route=\/wp\/v2\/media\/30391"}],"wp:attachment":[{"href":"https:\/\/www.egemtv.com\/index.php?rest_route=%2Fwp%2Fv2%2Fmedia&parent=30390"}],"wp:term":[{"taxonomy":"category","embeddable":true,"href":"https:\/\/www.egemtv.com\/index.php?rest_route=%2Fwp%2Fv2%2Fcategories&post=30390"},{"taxonomy":"post_tag","embeddable":true,"href":"https:\/\/www.egemtv.com\/index.php?rest_route=%2Fwp%2Fv2%2Ftags&post=30390"}],"curies":[{"name":"wp","href":"https:\/\/api.w.org\/{rel}","templated":true}]}}