{"id":30387,"date":"2025-05-21T11:56:52","date_gmt":"2025-05-21T08:56:52","guid":{"rendered":"https:\/\/www.egemtv.com\/?p=30387"},"modified":"2025-05-21T11:56:57","modified_gmt":"2025-05-21T08:56:57","slug":"altintasta-okul-oncesi-kultur-sanat-ve-spor-faaliyetleri-masaya-yatirildi","status":"publish","type":"post","link":"https:\/\/www.egemtv.com\/?p=30387","title":{"rendered":"Alt\u0131nta\u015f\u2019ta okul \u00f6ncesi k\u00fclt\u00fcr, sanat ve spor faaliyetleri masaya yat\u0131r\u0131ld\u0131"},"content":{"rendered":"<p>Alt\u0131nta\u015f \u0130l\u00e7e Milli E\u011fitim M\u00fcd\u00fcrl\u00fc\u011f\u00fc koordinesinde, &#8220;Okul\u00f6ncesi K\u00fclt\u00fcr, Sanat ve Spor Faaliyetleri&#8221; ba\u015fl\u0131kl\u0131 toplant\u0131 ger\u00e7ekle\u015ftirildi\u011fi bildirildi.<br \/>\n<br \/>Kaymakaml\u0131k binas\u0131 Zafer Toplant\u0131 Salonu\u2019nda yap\u0131lan toplant\u0131ya, il\u00e7edeki t\u00fcm anas\u0131n\u0131f\u0131 \u00f6\u011fretmenleri kat\u0131l\u0131m sa\u011flad\u0131. \u0130l\u00e7e Milli E\u011fitim M\u00fcd\u00fcr\u00fc \u0130smail \u00d6zden\u2019in konu\u015fmas\u0131 ile ba\u015flayan toplant\u0131da, okul \u00f6ncesi e\u011fitimde y\u0131l boyunca y\u00fcr\u00fct\u00fclen \u00e7al\u0131\u015fmalar de\u011ferlendirildi. Yeni d\u00f6nem i\u00e7in yap\u0131lacak etkinliklerin planlanmas\u0131 amac\u0131yla fikir al\u0131\u015fveri\u015finde bulunuldu. D\u00f6nem sonunda yap\u0131lacak olan k\u00fclt\u00fcr ve sanat odakl\u0131 faaliyetlerin gruplar halinde uygulanmas\u0131 gibi konular ele al\u0131nd\u0131.<br \/>\n<br \/>\u0130l\u00e7e Milli E\u011fitim M\u00fcd\u00fcr\u00fc \u0130smail \u00d6zden, e\u011fitim-\u00f6\u011fretim d\u00f6neminin verimli ve etkin bir \u015fekilde tamamlanmas\u0131 hedefiyle ger\u00e7ekle\u015ftirilen toplant\u0131ya kat\u0131l\u0131m sa\u011flayan t\u00fcm \u00f6\u011fretmenlere te\u015fekk\u00fcr etti.<br \/><\/p>\n","protected":false},"excerpt":{"rendered":"<p>Alt\u0131nta\u015f \u0130l\u00e7e Milli E\u011fitim M\u00fcd\u00fcrl\u00fc\u011f\u00fc koordinesinde, &#8220;Okul\u00f6ncesi K\u00fclt\u00fcr, Sanat ve Spor Faaliyetleri&#8221; ba\u015fl\u0131kl\u0131 toplant\u0131 ger\u00e7ekle\u015ftirildi\u011fi bildirildi. Kaymakaml\u0131k binas\u0131 Zafer Toplant\u0131 Salonu\u2019nda yap\u0131lan toplant\u0131ya, il\u00e7edeki t\u00fcm anas\u0131n\u0131f\u0131 \u00f6\u011fretmenleri kat\u0131l\u0131m sa\u011flad\u0131. \u0130l\u00e7e Milli E\u011fitim M\u00fcd\u00fcr\u00fc \u0130smail \u00d6zden\u2019in konu\u015fmas\u0131 ile ba\u015flayan toplant\u0131da, okul \u00f6ncesi e\u011fitimde y\u0131l boyunca y\u00fcr\u00fct\u00fclen \u00e7al\u0131\u015fmalar de\u011ferlendirildi. Yeni d\u00f6nem i\u00e7in yap\u0131lacak etkinliklerin planlanmas\u0131 amac\u0131yla fikir&#8230;<\/p>\n","protected":false},"author":1,"featured_media":30388,"comment_status":"open","ping_status":"open","sticky":false,"template":"","format":"standard","meta":{"_crdt_document":"","footnotes":""},"categories":[1],"tags":[],"class_list":["post-30387","post","type-post","status-publish","format-standard","has-post-thumbnail","hentry","category-guncel"],"_links":{"self":[{"href":"https:\/\/www.egemtv.com\/index.php?rest_route=\/wp\/v2\/posts\/30387","targetHints":{"allow":["GET"]}}],"collection":[{"href":"https:\/\/www.egemtv.com\/index.php?rest_route=\/wp\/v2\/posts"}],"about":[{"href":"https:\/\/www.egemtv.com\/index.php?rest_route=\/wp\/v2\/types\/post"}],"author":[{"embeddable":true,"href":"https:\/\/www.egemtv.com\/index.php?rest_route=\/wp\/v2\/users\/1"}],"replies":[{"embeddable":true,"href":"https:\/\/www.egemtv.com\/index.php?rest_route=%2Fwp%2Fv2%2Fcomments&post=30387"}],"version-history":[{"count":1,"href":"https:\/\/www.egemtv.com\/index.php?rest_route=\/wp\/v2\/posts\/30387\/revisions"}],"predecessor-version":[{"id":30389,"href":"https:\/\/www.egemtv.com\/index.php?rest_route=\/wp\/v2\/posts\/30387\/revisions\/30389"}],"wp:featuredmedia":[{"embeddable":true,"href":"https:\/\/www.egemtv.com\/index.php?rest_route=\/wp\/v2\/media\/30388"}],"wp:attachment":[{"href":"https:\/\/www.egemtv.com\/index.php?rest_route=%2Fwp%2Fv2%2Fmedia&parent=30387"}],"wp:term":[{"taxonomy":"category","embeddable":true,"href":"https:\/\/www.egemtv.com\/index.php?rest_route=%2Fwp%2Fv2%2Fcategories&post=30387"},{"taxonomy":"post_tag","embeddable":true,"href":"https:\/\/www.egemtv.com\/index.php?rest_route=%2Fwp%2Fv2%2Ftags&post=30387"}],"curies":[{"name":"wp","href":"https:\/\/api.w.org\/{rel}","templated":true}]}}