{"id":30384,"date":"2025-05-21T11:56:51","date_gmt":"2025-05-21T08:56:51","guid":{"rendered":"https:\/\/www.egemtv.com\/?p=30384"},"modified":"2025-05-21T11:56:52","modified_gmt":"2025-05-21T08:56:52","slug":"aniden-kavsaga-giren-otomobil-kadin-motosiklet-surucune-carpti","status":"publish","type":"post","link":"https:\/\/www.egemtv.com\/?p=30384","title":{"rendered":"Aniden kav\u015fa\u011fa giren otomobil, kad\u0131n motosiklet s\u00fcr\u00fcc\u00fcne \u00e7arpt\u0131"},"content":{"rendered":"<p>Denizli\u2019nin Buldan il\u00e7esinde aniden kav\u015fa\u011fa giren otomobil, kendi yolunda ilerleyen kad\u0131n motosiklet s\u00fcr\u00fcc\u00fcs\u00fcne \u00e7arpt\u0131. G\u00fcvenlik kameras\u0131na yans\u0131yan kazada, kad\u0131n s\u00fcr\u00fcc\u00fc yaraland\u0131.<\/p>\n<p>Kaza, Buldan il\u00e7esi D\u00f6rteyl\u00fcl Mahallesi ile Cumhuriyet Mahallesi\u2019nin birle\u015ftiren d\u00f6ner kav\u015fakta meydana geldi. Edinilen bilgilere g\u00f6re, hen\u00fcz s\u00fcr\u00fcc\u00fcs\u00fc ve plakas\u0131 bilinmeyen kad\u0131n motosiklet s\u00fcr\u00fcc\u00fcs\u00fc d\u00f6ner kav\u015fakta ilerlerken, Ak\u00e7e\u015fme mevkiinden seyir halinde olan otomobil \u00e7arpt\u0131. \u00c7arpman\u0131n sonucu motosiklet devrildi. Kaza sonucu otomobil s\u00fcr\u00fcc\u00fcs\u00fc ve \u00e7evredeki vatanda\u015flar kad\u0131n motosiklet s\u00fcr\u00fcc\u00fcs\u00fcn\u00fcn yan\u0131na giderek yard\u0131m etti. \u00c7arpma sonucu yere d\u00fc\u015fen kad\u0131n motosiklet s\u00fcr\u00fcc\u00fcs\u00fc, kazay\u0131 hafif s\u0131yr\u0131klarla atlatt\u0131.<\/p>\n<p>Kaza an\u0131 ise bir i\u015fletmenin g\u00fcvenlik kameras\u0131na yans\u0131d\u0131. Faaliyet g\u00f6steren bir i\u015fletmenin g\u00fcvenlik kameras\u0131na yans\u0131yan g\u00f6r\u00fcnt\u00fclerde motosiklet s\u00fcr\u00fcc\u00fcs\u00fcn\u00fcn d\u00f6ner kav\u015fakta seyir halindeyken Ak\u00e7e\u015fme mevkiinden gelen otomobilin \u00e7arpt\u0131\u011f\u0131 ve sonucunda ise motosikletin devrildi\u011fi g\u00f6r\u00fcld\u00fc.<br \/><\/p>\n","protected":false},"excerpt":{"rendered":"<p>Denizli\u2019nin Buldan il\u00e7esinde aniden kav\u015fa\u011fa giren otomobil, kendi yolunda ilerleyen kad\u0131n motosiklet s\u00fcr\u00fcc\u00fcs\u00fcne \u00e7arpt\u0131. G\u00fcvenlik kameras\u0131na yans\u0131yan kazada, kad\u0131n s\u00fcr\u00fcc\u00fc yaraland\u0131. Kaza, Buldan il\u00e7esi D\u00f6rteyl\u00fcl Mahallesi ile Cumhuriyet Mahallesi\u2019nin birle\u015ftiren d\u00f6ner kav\u015fakta meydana geldi. Edinilen bilgilere g\u00f6re, hen\u00fcz s\u00fcr\u00fcc\u00fcs\u00fc ve plakas\u0131 bilinmeyen kad\u0131n motosiklet s\u00fcr\u00fcc\u00fcs\u00fc d\u00f6ner kav\u015fakta ilerlerken, Ak\u00e7e\u015fme mevkiinden seyir halinde olan otomobil \u00e7arpt\u0131&#8230;.<\/p>\n","protected":false},"author":1,"featured_media":30385,"comment_status":"open","ping_status":"open","sticky":false,"template":"","format":"standard","meta":{"_crdt_document":"","footnotes":""},"categories":[5],"tags":[],"class_list":["post-30384","post","type-post","status-publish","format-standard","has-post-thumbnail","hentry","category-asayis"],"_links":{"self":[{"href":"https:\/\/www.egemtv.com\/index.php?rest_route=\/wp\/v2\/posts\/30384","targetHints":{"allow":["GET"]}}],"collection":[{"href":"https:\/\/www.egemtv.com\/index.php?rest_route=\/wp\/v2\/posts"}],"about":[{"href":"https:\/\/www.egemtv.com\/index.php?rest_route=\/wp\/v2\/types\/post"}],"author":[{"embeddable":true,"href":"https:\/\/www.egemtv.com\/index.php?rest_route=\/wp\/v2\/users\/1"}],"replies":[{"embeddable":true,"href":"https:\/\/www.egemtv.com\/index.php?rest_route=%2Fwp%2Fv2%2Fcomments&post=30384"}],"version-history":[{"count":1,"href":"https:\/\/www.egemtv.com\/index.php?rest_route=\/wp\/v2\/posts\/30384\/revisions"}],"predecessor-version":[{"id":30386,"href":"https:\/\/www.egemtv.com\/index.php?rest_route=\/wp\/v2\/posts\/30384\/revisions\/30386"}],"wp:featuredmedia":[{"embeddable":true,"href":"https:\/\/www.egemtv.com\/index.php?rest_route=\/wp\/v2\/media\/30385"}],"wp:attachment":[{"href":"https:\/\/www.egemtv.com\/index.php?rest_route=%2Fwp%2Fv2%2Fmedia&parent=30384"}],"wp:term":[{"taxonomy":"category","embeddable":true,"href":"https:\/\/www.egemtv.com\/index.php?rest_route=%2Fwp%2Fv2%2Fcategories&post=30384"},{"taxonomy":"post_tag","embeddable":true,"href":"https:\/\/www.egemtv.com\/index.php?rest_route=%2Fwp%2Fv2%2Ftags&post=30384"}],"curies":[{"name":"wp","href":"https:\/\/api.w.org\/{rel}","templated":true}]}}