{"id":30381,"date":"2025-05-21T11:56:46","date_gmt":"2025-05-21T08:56:46","guid":{"rendered":"https:\/\/www.egemtv.com\/?p=30381"},"modified":"2025-05-21T11:56:51","modified_gmt":"2025-05-21T08:56:51","slug":"gedizde-glutensiz-tarhana-uretimiyle-yeni-bir-donem-baslayabilir","status":"publish","type":"post","link":"https:\/\/www.egemtv.com\/?p=30381","title":{"rendered":"Gediz\u2019de gl\u00fctensiz tarhana \u00fcretimiyle yeni bir d\u00f6nem ba\u015flayabilir"},"content":{"rendered":"<p>Geleneksel tarhana \u00fcretimiyle \u00f6ne \u00e7\u0131kan Gediz, sa\u011fl\u0131kl\u0131 beslenme bilincinin artmas\u0131 ve gl\u00fctensiz \u00fcr\u00fcnlere olan talebin h\u0131zla y\u00fckselmesiyle birlikte, bu alanda yeni bir f\u0131rsat\u0131n e\u015fi\u011finde duruyor: gl\u00fctensiz tarhana \u00fcretimi.<br \/>\n<br \/>Bu ad\u0131m\u0131n, Gediz\u2019i sekt\u00f6rde \u00f6nc\u00fc konuma ta\u015f\u0131yabilece\u011fi ve Gediz ekonomisine \u00f6nemli katk\u0131lar sa\u011flayabilece\u011fi \u00f6ng\u00f6r\u00fcl\u00fcyor. Son y\u0131llarda t\u00fcm d\u00fcnyada sa\u011fl\u0131kl\u0131 ya\u015fam trendi ve artan gl\u00fcten intolerans\u0131\/\u00e7\u00f6lyak hastal\u0131\u011f\u0131 vakalar\u0131, gl\u00fctensiz g\u0131dalara olan talebi zirveye ta\u015f\u0131d\u0131. T\u00fcketiciler, sindirim sistemini rahatlatmak ve genel sa\u011fl\u0131klar\u0131n\u0131 iyile\u015ftirmek amac\u0131yla gl\u00fctensiz \u00fcr\u00fcnleri tercih ediyor. T\u00fcrkiye\u2019de de bu alandaki \u00fcr\u00fcn \u00e7e\u015fitlili\u011finin yetersizli\u011fi, \u00fcreticiler i\u00e7in yeni kap\u0131lar aral\u0131yor. Gediz\u2019in k\u00f6kl\u00fc tarhana \u00fcretim k\u00fclt\u00fcr\u00fc, bu de\u011fi\u015fime ayak uydurarak gl\u00fctensiz tarhana ile kendine yeni bir yer edinebilece\u011fi tahmin ediliyor.<br \/>\n<br \/>Gediz\u2019in geleneksel tarhana \u00fcretimi, halihaz\u0131rda \u00f6nemli bir ge\u00e7im kayna\u011f\u0131yken, gl\u00fctensiz tarhana \u00fcretimi bu sekt\u00f6re yeni bir soluk getirme potansiyeli ta\u015f\u0131yor. Gl\u00fctensiz alternatiflerle zenginle\u015ftirilecek tarhana, hem sa\u011fl\u0131k odakl\u0131 t\u00fcketicilere hitap edecek hem de Gediz\u2019e yeni bir pazar kap\u0131s\u0131 a\u00e7acak. Hen\u00fcz bu alanda bir \u00fcretim olmasa da, at\u0131lacak ilk ad\u0131mlar Gediz\u2019in ekonomik kalk\u0131nmas\u0131na ve tarhana sekt\u00f6r\u00fcn\u00fcn gelece\u011fine b\u00fcy\u00fck katk\u0131 sa\u011flayabilir.<br \/>\n<br \/>Gl\u00fctensiz g\u0131da sekt\u00f6r\u00fc, hem yerel hem de uluslararas\u0131 pazarlarda h\u0131zla b\u00fcy\u00fcyen bir aland\u0131r. \u00d6zellikle \u00e7\u00f6lyak hastalar\u0131 ve gl\u00fcten intolerans\u0131 olan bireyler i\u00e7in vazge\u00e7ilmez olan gl\u00fctensiz \u00fcr\u00fcnler, Gediz\u2019e ihracat f\u0131rsatlar\u0131 sunabilir. Bu talep art\u0131\u015f\u0131, Gediz\u2019in tarhana \u00fcretiminde yenilik\u00e7i ve sa\u011fl\u0131kl\u0131 se\u00e7enekler sunarak, bu alanda bir lider olmas\u0131n\u0131 sa\u011flayabilir. Sa\u011fl\u0131kl\u0131 beslenmeye odaklanmak, Gediz\u2019in b\u00f6lgesel kalk\u0131nmas\u0131na da ivme kazand\u0131rabilece\u011fi belirtiliyor.<br \/>\n<br \/>G\u00fcn\u00fcm\u00fczde gl\u00fctensiz tarhana \u00fcretimi konusunda hen\u00fcz somut bir giri\u015fim bulunmasa da, yerel kooperatifler veya giri\u015fimciler bu alan\u0131 bir i\u015f f\u0131rsat\u0131na d\u00f6n\u00fc\u015ft\u00fcrebilir. Tar\u0131m i\u015f\u00e7ileri, yerel \u00fcreticiler ve g\u0131da m\u00fchendisleri, gl\u00fctensiz \u00fcretim y\u00f6ntemleri konusunda bilgi sahibi olarak bu yeni alana \u00f6nemli katk\u0131lar sunabilir.<br \/>\n<br \/>Gediz\u2019in tarhana \u00fcretimiyle tan\u0131nan bir b\u00f6lge olarak, gl\u00fctensiz tarhana \u00fcretimi ile hem sa\u011fl\u0131k odakl\u0131 t\u00fcketicilere ula\u015fmas\u0131 hem de yerel ekonomiyi canland\u0131rmas\u0131 m\u00fcmk\u00fcn. Bug\u00fcn at\u0131lacak ad\u0131mlar, gl\u00fctensiz tarhana \u00fcretimiyle Gediz\u2019i g\u0131da sekt\u00f6r\u00fcnde yeni bir d\u00f6neme ta\u015f\u0131yabilir. Bu t\u00fcr bir \u00fcretim, sadece sa\u011fl\u0131kl\u0131 beslenmeyi te\u015fvik etmekle kalmayacak, ayn\u0131 zamanda ekonomik b\u00fcy\u00fcme ve sosyal kalk\u0131nma i\u00e7in de yeni f\u0131rsatlar sa\u011flayacakt\u0131r. Yerel \u00fcretim, do\u011fal g\u0131dalar ve gl\u00fctensiz se\u00e7eneklerle Gediz, yeni nesil g\u0131da \u00fcretimi konusunda \u00f6nc\u00fcl\u00fck yapma \u015fans\u0131na sahip.<br \/><\/p>\n","protected":false},"excerpt":{"rendered":"<p>Geleneksel tarhana \u00fcretimiyle \u00f6ne \u00e7\u0131kan Gediz, sa\u011fl\u0131kl\u0131 beslenme bilincinin artmas\u0131 ve gl\u00fctensiz \u00fcr\u00fcnlere olan talebin h\u0131zla y\u00fckselmesiyle birlikte, bu alanda yeni bir f\u0131rsat\u0131n e\u015fi\u011finde duruyor: gl\u00fctensiz tarhana \u00fcretimi. Bu ad\u0131m\u0131n, Gediz\u2019i sekt\u00f6rde \u00f6nc\u00fc konuma ta\u015f\u0131yabilece\u011fi ve Gediz ekonomisine \u00f6nemli katk\u0131lar sa\u011flayabilece\u011fi \u00f6ng\u00f6r\u00fcl\u00fcyor. Son y\u0131llarda t\u00fcm d\u00fcnyada sa\u011fl\u0131kl\u0131 ya\u015fam trendi ve artan gl\u00fcten intolerans\u0131\/\u00e7\u00f6lyak hastal\u0131\u011f\u0131 vakalar\u0131,&#8230;<\/p>\n","protected":false},"author":1,"featured_media":30382,"comment_status":"open","ping_status":"open","sticky":false,"template":"","format":"standard","meta":{"_crdt_document":"","footnotes":""},"categories":[125],"tags":[],"class_list":["post-30381","post","type-post","status-publish","format-standard","has-post-thumbnail","hentry","category-ekonomi"],"_links":{"self":[{"href":"https:\/\/www.egemtv.com\/index.php?rest_route=\/wp\/v2\/posts\/30381","targetHints":{"allow":["GET"]}}],"collection":[{"href":"https:\/\/www.egemtv.com\/index.php?rest_route=\/wp\/v2\/posts"}],"about":[{"href":"https:\/\/www.egemtv.com\/index.php?rest_route=\/wp\/v2\/types\/post"}],"author":[{"embeddable":true,"href":"https:\/\/www.egemtv.com\/index.php?rest_route=\/wp\/v2\/users\/1"}],"replies":[{"embeddable":true,"href":"https:\/\/www.egemtv.com\/index.php?rest_route=%2Fwp%2Fv2%2Fcomments&post=30381"}],"version-history":[{"count":1,"href":"https:\/\/www.egemtv.com\/index.php?rest_route=\/wp\/v2\/posts\/30381\/revisions"}],"predecessor-version":[{"id":30383,"href":"https:\/\/www.egemtv.com\/index.php?rest_route=\/wp\/v2\/posts\/30381\/revisions\/30383"}],"wp:featuredmedia":[{"embeddable":true,"href":"https:\/\/www.egemtv.com\/index.php?rest_route=\/wp\/v2\/media\/30382"}],"wp:attachment":[{"href":"https:\/\/www.egemtv.com\/index.php?rest_route=%2Fwp%2Fv2%2Fmedia&parent=30381"}],"wp:term":[{"taxonomy":"category","embeddable":true,"href":"https:\/\/www.egemtv.com\/index.php?rest_route=%2Fwp%2Fv2%2Fcategories&post=30381"},{"taxonomy":"post_tag","embeddable":true,"href":"https:\/\/www.egemtv.com\/index.php?rest_route=%2Fwp%2Fv2%2Ftags&post=30381"}],"curies":[{"name":"wp","href":"https:\/\/api.w.org\/{rel}","templated":true}]}}