{"id":30378,"date":"2025-05-21T11:37:53","date_gmt":"2025-05-21T08:37:53","guid":{"rendered":"https:\/\/www.egemtv.com\/?p=30378"},"modified":"2025-05-21T11:37:55","modified_gmt":"2025-05-21T08:37:55","slug":"dere-yatagindan-kum-alan-sahis-jandarmaya-takildi","status":"publish","type":"post","link":"https:\/\/www.egemtv.com\/?p=30378","title":{"rendered":"Dere yata\u011f\u0131ndan kum alan \u015fah\u0131s jandarmaya tak\u0131ld\u0131"},"content":{"rendered":"<p>Ayd\u0131n\u2019\u0131n Ko\u00e7arl\u0131 il\u00e7esinde dere yata\u011f\u0131ndan izinsiz kum \u00e7eken \u015fah\u0131s hakk\u0131nda jandarma ekiplerine tak\u0131ld\u0131.<\/p>\n<p>Ko\u00e7arl\u0131 \u0130l\u00e7e Jandarma Komutanl\u0131\u011f\u0131 taraf\u0131ndan Ba\u011farc\u0131k Mahallesi\u2019nde ger\u00e7ekle\u015ftirilen devriye esnas\u0131nda S.D. isimli \u015fahs\u0131n dere\/\u00e7ay yata\u011f\u0131ndan konut in\u015faat\u0131nda kullanmak amac\u0131yla trakt\u00f6rle 4 metrek\u00fcp kum \u00e7ekti\u011fi tespit edildi. Olay ile ilgili tanzim edilen evraklar i\u015flem yap\u0131lmak amac\u0131yla ilgili kuruma g\u00f6nderilece\u011fi \u00f6\u011frenildi.<br \/><\/p>\n","protected":false},"excerpt":{"rendered":"<p>Ayd\u0131n\u2019\u0131n Ko\u00e7arl\u0131 il\u00e7esinde dere yata\u011f\u0131ndan izinsiz kum \u00e7eken \u015fah\u0131s hakk\u0131nda jandarma ekiplerine tak\u0131ld\u0131. Ko\u00e7arl\u0131 \u0130l\u00e7e Jandarma Komutanl\u0131\u011f\u0131 taraf\u0131ndan Ba\u011farc\u0131k Mahallesi\u2019nde ger\u00e7ekle\u015ftirilen devriye esnas\u0131nda S.D. isimli \u015fahs\u0131n dere\/\u00e7ay yata\u011f\u0131ndan konut in\u015faat\u0131nda kullanmak amac\u0131yla trakt\u00f6rle 4 metrek\u00fcp kum \u00e7ekti\u011fi tespit edildi. Olay ile ilgili tanzim edilen evraklar i\u015flem yap\u0131lmak amac\u0131yla ilgili kuruma g\u00f6nderilece\u011fi \u00f6\u011frenildi.<\/p>\n","protected":false},"author":1,"featured_media":30379,"comment_status":"open","ping_status":"open","sticky":false,"template":"","format":"standard","meta":{"_crdt_document":"","footnotes":""},"categories":[5],"tags":[],"class_list":["post-30378","post","type-post","status-publish","format-standard","has-post-thumbnail","hentry","category-asayis"],"_links":{"self":[{"href":"https:\/\/www.egemtv.com\/index.php?rest_route=\/wp\/v2\/posts\/30378","targetHints":{"allow":["GET"]}}],"collection":[{"href":"https:\/\/www.egemtv.com\/index.php?rest_route=\/wp\/v2\/posts"}],"about":[{"href":"https:\/\/www.egemtv.com\/index.php?rest_route=\/wp\/v2\/types\/post"}],"author":[{"embeddable":true,"href":"https:\/\/www.egemtv.com\/index.php?rest_route=\/wp\/v2\/users\/1"}],"replies":[{"embeddable":true,"href":"https:\/\/www.egemtv.com\/index.php?rest_route=%2Fwp%2Fv2%2Fcomments&post=30378"}],"version-history":[{"count":1,"href":"https:\/\/www.egemtv.com\/index.php?rest_route=\/wp\/v2\/posts\/30378\/revisions"}],"predecessor-version":[{"id":30380,"href":"https:\/\/www.egemtv.com\/index.php?rest_route=\/wp\/v2\/posts\/30378\/revisions\/30380"}],"wp:featuredmedia":[{"embeddable":true,"href":"https:\/\/www.egemtv.com\/index.php?rest_route=\/wp\/v2\/media\/30379"}],"wp:attachment":[{"href":"https:\/\/www.egemtv.com\/index.php?rest_route=%2Fwp%2Fv2%2Fmedia&parent=30378"}],"wp:term":[{"taxonomy":"category","embeddable":true,"href":"https:\/\/www.egemtv.com\/index.php?rest_route=%2Fwp%2Fv2%2Fcategories&post=30378"},{"taxonomy":"post_tag","embeddable":true,"href":"https:\/\/www.egemtv.com\/index.php?rest_route=%2Fwp%2Fv2%2Ftags&post=30378"}],"curies":[{"name":"wp","href":"https:\/\/api.w.org\/{rel}","templated":true}]}}