{"id":30375,"date":"2025-05-21T11:37:48","date_gmt":"2025-05-21T08:37:48","guid":{"rendered":"https:\/\/www.egemtv.com\/?p=30375"},"modified":"2025-05-21T11:37:53","modified_gmt":"2025-05-21T08:37:53","slug":"mentesedeki-degirmen-asirlardir-yore-halkina-hizmet-veriyor","status":"publish","type":"post","link":"https:\/\/www.egemtv.com\/?p=30375","title":{"rendered":"Mente\u015fe\u2019deki de\u011firmen as\u0131rlard\u0131r y\u00f6re halk\u0131na hizmet veriyor"},"content":{"rendered":"<p>Mu\u011fla\u2019n\u0131n Mente\u015fe il\u00e7esine ba\u011fl\u0131 Dokuz\u00e7am ve \u00c7atak s\u0131n\u0131rlar\u0131nda yer alan 450 y\u0131ll\u0131k tarihi su de\u011firmeni, ge\u00e7mi\u015ften g\u00fcn\u00fcm\u00fcze i\u015flevini s\u00fcrd\u00fcr\u00fcyor. As\u0131rlard\u0131r b\u00f6lge halk\u0131n\u0131n bu\u011fday, m\u0131s\u0131r ve dar\u0131 unu ihtiyac\u0131n\u0131 kar\u015f\u0131layan de\u011firmen, bug\u00fcn h\u00e2l\u00e2 aktif olarak kullan\u0131l\u0131yor.<\/p>\n<p>&#8220;Un de\u011firmeni h\u00e2l\u00e2 o g\u00fcnk\u00fc gibi \u00e7al\u0131\u015f\u0131yor&#8221;<br \/>\n<br \/>Dokuz\u00e7am Mahalle Muhtar\u0131 Mehmet Bulut, tarihi de\u011firmenle ilgili yapt\u0131\u011f\u0131 a\u00e7\u0131klamada, &#8220;\u015eu anda Dokuz\u00e7am ve \u00c7atak s\u0131n\u0131rlar\u0131 i\u00e7erisinde kalan, yakla\u015f\u0131k 450 y\u0131ll\u0131k ge\u00e7mi\u015fi olan su de\u011firmeninin yan\u0131nday\u0131z. De\u011firmen h\u00e2l\u00e2 o g\u00fcnk\u00fc gibi \u00e7al\u0131\u015f\u0131yor. \u00c7atak, \u00c7aml\u0131bel, Dokuz\u00e7am ve \u015eenyayla mahallelerindeki vatanda\u015flar\u0131m\u0131z buraya gelip unlar\u0131n\u0131 \u00f6\u011f\u00fctt\u00fcr\u00fcyor. Bu de\u011firmende bu\u011fday unu, m\u0131s\u0131r unu ve dar\u0131 unu \u00f6\u011f\u00fct\u00fcl\u00fcyor. Vatanda\u015flar\u0131m\u0131z her t\u00fcrl\u00fc un ihtiyac\u0131n\u0131 burada kar\u015f\u0131layabiliyor&#8221; ifadelerini kulland\u0131.<\/p>\n<p>&#8220;Y\u0131llard\u0131r ayn\u0131 aile taraf\u0131ndan i\u015fletiliyor&#8221;<br \/>\n<br \/>De\u011firmeni i\u015fleten G\u00fclhan\u0131m Y\u0131lmaz ise, de\u011firmenin ge\u00e7mi\u015fiyle ilgili bilgi vererek \u015funlar\u0131 s\u00f6yledi: &#8220;Buran\u0131n ge\u00e7mi\u015fi bizim i\u00e7in \u00e7ok k\u0131ymetli. Babam 1968 y\u0131l\u0131nda bu de\u011firmeni ald\u0131. Babam vefat ettikten sonra yakla\u015f\u0131k 10-14 y\u0131ld\u0131r biz i\u015fletiyoruz. \u015eu anda buras\u0131 d\u00fcn gibi \u00e7al\u0131\u015f\u0131yor, her zaman \u00e7al\u0131\u015f\u0131yor, 7\/24 a\u00e7\u0131k. Biz bak\u0131yoruz, biz i\u015fletiyoruz. Gelen malzemeleri \u00f6\u011f\u00fct\u00fcyoruz, isteyenlere unlar\u0131n\u0131 veriyoruz, al\u0131p g\u00f6t\u00fcr\u00fcyorlar.&#8221;<br \/><\/p>\n","protected":false},"excerpt":{"rendered":"<p>Mu\u011fla\u2019n\u0131n Mente\u015fe il\u00e7esine ba\u011fl\u0131 Dokuz\u00e7am ve \u00c7atak s\u0131n\u0131rlar\u0131nda yer alan 450 y\u0131ll\u0131k tarihi su de\u011firmeni, ge\u00e7mi\u015ften g\u00fcn\u00fcm\u00fcze i\u015flevini s\u00fcrd\u00fcr\u00fcyor. As\u0131rlard\u0131r b\u00f6lge halk\u0131n\u0131n bu\u011fday, m\u0131s\u0131r ve dar\u0131 unu ihtiyac\u0131n\u0131 kar\u015f\u0131layan de\u011firmen, bug\u00fcn h\u00e2l\u00e2 aktif olarak kullan\u0131l\u0131yor. &#8220;Un de\u011firmeni h\u00e2l\u00e2 o g\u00fcnk\u00fc gibi \u00e7al\u0131\u015f\u0131yor&#8221; Dokuz\u00e7am Mahalle Muhtar\u0131 Mehmet Bulut, tarihi de\u011firmenle ilgili yapt\u0131\u011f\u0131 a\u00e7\u0131klamada, &#8220;\u015eu anda Dokuz\u00e7am&#8230;<\/p>\n","protected":false},"author":1,"featured_media":30376,"comment_status":"open","ping_status":"open","sticky":false,"template":"","format":"standard","meta":{"_crdt_document":"","footnotes":""},"categories":[1],"tags":[],"class_list":["post-30375","post","type-post","status-publish","format-standard","has-post-thumbnail","hentry","category-guncel"],"_links":{"self":[{"href":"https:\/\/www.egemtv.com\/index.php?rest_route=\/wp\/v2\/posts\/30375","targetHints":{"allow":["GET"]}}],"collection":[{"href":"https:\/\/www.egemtv.com\/index.php?rest_route=\/wp\/v2\/posts"}],"about":[{"href":"https:\/\/www.egemtv.com\/index.php?rest_route=\/wp\/v2\/types\/post"}],"author":[{"embeddable":true,"href":"https:\/\/www.egemtv.com\/index.php?rest_route=\/wp\/v2\/users\/1"}],"replies":[{"embeddable":true,"href":"https:\/\/www.egemtv.com\/index.php?rest_route=%2Fwp%2Fv2%2Fcomments&post=30375"}],"version-history":[{"count":1,"href":"https:\/\/www.egemtv.com\/index.php?rest_route=\/wp\/v2\/posts\/30375\/revisions"}],"predecessor-version":[{"id":30377,"href":"https:\/\/www.egemtv.com\/index.php?rest_route=\/wp\/v2\/posts\/30375\/revisions\/30377"}],"wp:featuredmedia":[{"embeddable":true,"href":"https:\/\/www.egemtv.com\/index.php?rest_route=\/wp\/v2\/media\/30376"}],"wp:attachment":[{"href":"https:\/\/www.egemtv.com\/index.php?rest_route=%2Fwp%2Fv2%2Fmedia&parent=30375"}],"wp:term":[{"taxonomy":"category","embeddable":true,"href":"https:\/\/www.egemtv.com\/index.php?rest_route=%2Fwp%2Fv2%2Fcategories&post=30375"},{"taxonomy":"post_tag","embeddable":true,"href":"https:\/\/www.egemtv.com\/index.php?rest_route=%2Fwp%2Fv2%2Ftags&post=30375"}],"curies":[{"name":"wp","href":"https:\/\/api.w.org\/{rel}","templated":true}]}}