{"id":30372,"date":"2025-05-21T11:37:43","date_gmt":"2025-05-21T08:37:43","guid":{"rendered":"https:\/\/www.egemtv.com\/?p=30372"},"modified":"2025-05-21T11:37:48","modified_gmt":"2025-05-21T08:37:48","slug":"camelinde-cocuklar-gokyuzunu-renklendirdi","status":"publish","type":"post","link":"https:\/\/www.egemtv.com\/?p=30372","title":{"rendered":"\u00c7ameli\u2019nde \u00e7ocuklar g\u00f6ky\u00fcz\u00fcn\u00fc renklendirdi"},"content":{"rendered":"<p>\u00c7ameli Belediyesi ve \u00c7ameli Atat\u00fcrk \u0130lkokulu taraf\u0131ndan u\u00e7urtma \u015fenli\u011fi d\u00fczenlendi. Etkinlikte ilkokul \u00f6\u011frencileri u\u00e7urtmalarla g\u00f6ky\u00fcz\u00fcn\u00fc renklendirdiler.<\/p>\n<p>\u0130lkokul \u00f6\u011frencilerinin keyifli ve unutulmaz vakit ge\u00e7irmeleri amac\u0131yla \u00c7ameli Belediyesi ve \u00c7ameli Atat\u00fcrk \u0130lkokulu taraf\u0131ndan u\u00e7urtma \u015fenli\u011fi d\u00fczenlendi. U\u00e7urtma \u015eenli\u011fi, \u0130mamlar Gedi\u011fi Mesire Alan\u0131\u2019nda renkli ve co\u015fku dolu anlara sahne oldu. \u015eenli\u011fe, \u00c7ameli Belediye Ba\u015fkan\u0131 Say\u0131n Cengiz Arslan\u2019\u0131 temsilen Belediye Ba\u015fkan Yard\u0131mc\u0131s\u0131 Say\u0131n \u0130smail Durmaz kat\u0131ld\u0131. G\u00fcne\u015fli havan\u0131n e\u015flik etti\u011fi etkinlikte \u00e7ocuklar, reng\u00e2renk u\u00e7urtmalar\u0131n\u0131 g\u00f6ky\u00fcz\u00fcne salarak doyas\u0131ya e\u011flendi.<\/p>\n<p>G\u00f6ky\u00fcz\u00fcn\u00fc s\u00fcsleyen u\u00e7urtmalar, izleyenlere adeta g\u00f6rsel bir \u015f\u00f6len sundu. \u015eenlik boyunca \u00e7ocuklara bal\u0131k ekmek ikram\u0131 da yap\u0131ld\u0131, bu ikram e\u011flenceli anlara lezzet katt\u0131. Etkinlik, hem miniklerin hem de ailelerinin unutulmaz bir g\u00fcn ge\u00e7irmesine vesile oldu.<br \/><\/p>\n","protected":false},"excerpt":{"rendered":"<p>\u00c7ameli Belediyesi ve \u00c7ameli Atat\u00fcrk \u0130lkokulu taraf\u0131ndan u\u00e7urtma \u015fenli\u011fi d\u00fczenlendi. Etkinlikte ilkokul \u00f6\u011frencileri u\u00e7urtmalarla g\u00f6ky\u00fcz\u00fcn\u00fc renklendirdiler. \u0130lkokul \u00f6\u011frencilerinin keyifli ve unutulmaz vakit ge\u00e7irmeleri amac\u0131yla \u00c7ameli Belediyesi ve \u00c7ameli Atat\u00fcrk \u0130lkokulu taraf\u0131ndan u\u00e7urtma \u015fenli\u011fi d\u00fczenlendi. U\u00e7urtma \u015eenli\u011fi, \u0130mamlar Gedi\u011fi Mesire Alan\u0131\u2019nda renkli ve co\u015fku dolu anlara sahne oldu. \u015eenli\u011fe, \u00c7ameli Belediye Ba\u015fkan\u0131 Say\u0131n Cengiz Arslan\u2019\u0131 temsilen&#8230;<\/p>\n","protected":false},"author":1,"featured_media":30373,"comment_status":"open","ping_status":"open","sticky":false,"template":"","format":"standard","meta":{"_crdt_document":"","footnotes":""},"categories":[1],"tags":[],"class_list":["post-30372","post","type-post","status-publish","format-standard","has-post-thumbnail","hentry","category-guncel"],"_links":{"self":[{"href":"https:\/\/www.egemtv.com\/index.php?rest_route=\/wp\/v2\/posts\/30372","targetHints":{"allow":["GET"]}}],"collection":[{"href":"https:\/\/www.egemtv.com\/index.php?rest_route=\/wp\/v2\/posts"}],"about":[{"href":"https:\/\/www.egemtv.com\/index.php?rest_route=\/wp\/v2\/types\/post"}],"author":[{"embeddable":true,"href":"https:\/\/www.egemtv.com\/index.php?rest_route=\/wp\/v2\/users\/1"}],"replies":[{"embeddable":true,"href":"https:\/\/www.egemtv.com\/index.php?rest_route=%2Fwp%2Fv2%2Fcomments&post=30372"}],"version-history":[{"count":1,"href":"https:\/\/www.egemtv.com\/index.php?rest_route=\/wp\/v2\/posts\/30372\/revisions"}],"predecessor-version":[{"id":30374,"href":"https:\/\/www.egemtv.com\/index.php?rest_route=\/wp\/v2\/posts\/30372\/revisions\/30374"}],"wp:featuredmedia":[{"embeddable":true,"href":"https:\/\/www.egemtv.com\/index.php?rest_route=\/wp\/v2\/media\/30373"}],"wp:attachment":[{"href":"https:\/\/www.egemtv.com\/index.php?rest_route=%2Fwp%2Fv2%2Fmedia&parent=30372"}],"wp:term":[{"taxonomy":"category","embeddable":true,"href":"https:\/\/www.egemtv.com\/index.php?rest_route=%2Fwp%2Fv2%2Fcategories&post=30372"},{"taxonomy":"post_tag","embeddable":true,"href":"https:\/\/www.egemtv.com\/index.php?rest_route=%2Fwp%2Fv2%2Ftags&post=30372"}],"curies":[{"name":"wp","href":"https:\/\/api.w.org\/{rel}","templated":true}]}}