{"id":30366,"date":"2025-05-21T11:16:03","date_gmt":"2025-05-21T08:16:03","guid":{"rendered":"https:\/\/www.egemtv.com\/?p=30366"},"modified":"2025-05-21T11:16:08","modified_gmt":"2025-05-21T08:16:08","slug":"minik-yuzuculerden-unutulmaz-gosteri","status":"publish","type":"post","link":"https:\/\/www.egemtv.com\/?p=30366","title":{"rendered":"Minik y\u00fcz\u00fcc\u00fclerden unutulmaz g\u00f6steri"},"content":{"rendered":"<p>Manisa\u2019n\u0131n Kula il\u00e7esinde 15-21 May\u0131s tarihleri aras\u0131nda kutlanan Gen\u00e7lik Haftas\u0131 etkinlikleri kapsam\u0131nda d\u00fczenlenen y\u00fczme yar\u0131\u015fmalar\u0131, renkli g\u00f6r\u00fcnt\u00fclere sahne oldu.<br \/>\n<br \/>Kula Gen\u00e7lik ve Spor \u0130l\u00e7e M\u00fcd\u00fcrl\u00fc\u011f\u00fc taraf\u0131ndan organize edilen etkinlikler \u00e7er\u00e7evesinde, Kula Spor Kompleksi Kapal\u0131 Y\u00fczme Havuzu\u2019nda Minik A, Minik B ve K\u00fc\u00e7\u00fck ya\u015f kategorilerinde k\u0131z-erkek y\u00fczme yar\u0131\u015flar\u0131 ger\u00e7ekle\u015ftirildi. Yar\u0131\u015fmalar, minik sporcular\u0131n k\u0131yas\u0131ya m\u00fccadelesine sahne olurken, trib\u00fcnlerde yerini alan aileler b\u00fcy\u00fck bir heyecanla \u00e7ocuklar\u0131n\u0131 izledi. Yar\u0131\u015fmalarda minik y\u00fcz\u00fcc\u00fcler b\u00fcy\u00fck bir heyecanla m\u00fccadele ederken, yar\u0131\u015flar\u0131n ard\u0131ndan ger\u00e7ekle\u015ftirilen \u00f6zel g\u00f6steri izleyenlerden tam not ald\u0131. Havuzda ger\u00e7ekle\u015ftirilen koreografide, minik sporcular\u0131n ellerinde T\u00fcrk bayra\u011f\u0131 ve Atat\u00fcrk posteriyle havuzdan \u00e7\u0131kmalar\u0131, salondaki izleyiciler taraf\u0131ndan uzun s\u00fcre alk\u0131\u015fland\u0131.<br \/>\n<br \/>Program sonunda dereceye giren sporculara madalyalar\u0131 Kula Kaymakam\u0131 \u00d6mer Ahmet \u00d6zdemir ile Gen\u00e7lik ve Spor \u0130l\u00e7e M\u00fcd\u00fcr\u00fc Ufuk \u00d6zlem taraf\u0131ndan takdim edildi. Etkinlikte konu\u015fan yetkililer, gen\u00e7lerin spora te\u015fvik edilmesinin \u00f6nemine vurgu yaparak, organizasyona destek veren herkese te\u015fekk\u00fcr etti.<br \/>\n<br \/>Gen\u00e7lik Haftas\u0131 boyunca Kula genelinde d\u00fczenlenen \u00e7e\u015fitli etkinliklerle gen\u00e7lerin fiziksel, sosyal ve k\u00fclt\u00fcrel geli\u015fimlerine katk\u0131 sunulmas\u0131 hedeflendi.<br \/><\/p>\n","protected":false},"excerpt":{"rendered":"<p>Manisa\u2019n\u0131n Kula il\u00e7esinde 15-21 May\u0131s tarihleri aras\u0131nda kutlanan Gen\u00e7lik Haftas\u0131 etkinlikleri kapsam\u0131nda d\u00fczenlenen y\u00fczme yar\u0131\u015fmalar\u0131, renkli g\u00f6r\u00fcnt\u00fclere sahne oldu. Kula Gen\u00e7lik ve Spor \u0130l\u00e7e M\u00fcd\u00fcrl\u00fc\u011f\u00fc taraf\u0131ndan organize edilen etkinlikler \u00e7er\u00e7evesinde, Kula Spor Kompleksi Kapal\u0131 Y\u00fczme Havuzu\u2019nda Minik A, Minik B ve K\u00fc\u00e7\u00fck ya\u015f kategorilerinde k\u0131z-erkek y\u00fczme yar\u0131\u015flar\u0131 ger\u00e7ekle\u015ftirildi. Yar\u0131\u015fmalar, minik sporcular\u0131n k\u0131yas\u0131ya m\u00fccadelesine sahne olurken,&#8230;<\/p>\n","protected":false},"author":1,"featured_media":30367,"comment_status":"open","ping_status":"open","sticky":false,"template":"","format":"standard","meta":{"_crdt_document":"","footnotes":""},"categories":[4],"tags":[],"class_list":["post-30366","post","type-post","status-publish","format-standard","has-post-thumbnail","hentry","category-spor"],"_links":{"self":[{"href":"https:\/\/www.egemtv.com\/index.php?rest_route=\/wp\/v2\/posts\/30366","targetHints":{"allow":["GET"]}}],"collection":[{"href":"https:\/\/www.egemtv.com\/index.php?rest_route=\/wp\/v2\/posts"}],"about":[{"href":"https:\/\/www.egemtv.com\/index.php?rest_route=\/wp\/v2\/types\/post"}],"author":[{"embeddable":true,"href":"https:\/\/www.egemtv.com\/index.php?rest_route=\/wp\/v2\/users\/1"}],"replies":[{"embeddable":true,"href":"https:\/\/www.egemtv.com\/index.php?rest_route=%2Fwp%2Fv2%2Fcomments&post=30366"}],"version-history":[{"count":1,"href":"https:\/\/www.egemtv.com\/index.php?rest_route=\/wp\/v2\/posts\/30366\/revisions"}],"predecessor-version":[{"id":30368,"href":"https:\/\/www.egemtv.com\/index.php?rest_route=\/wp\/v2\/posts\/30366\/revisions\/30368"}],"wp:featuredmedia":[{"embeddable":true,"href":"https:\/\/www.egemtv.com\/index.php?rest_route=\/wp\/v2\/media\/30367"}],"wp:attachment":[{"href":"https:\/\/www.egemtv.com\/index.php?rest_route=%2Fwp%2Fv2%2Fmedia&parent=30366"}],"wp:term":[{"taxonomy":"category","embeddable":true,"href":"https:\/\/www.egemtv.com\/index.php?rest_route=%2Fwp%2Fv2%2Fcategories&post=30366"},{"taxonomy":"post_tag","embeddable":true,"href":"https:\/\/www.egemtv.com\/index.php?rest_route=%2Fwp%2Fv2%2Ftags&post=30366"}],"curies":[{"name":"wp","href":"https:\/\/api.w.org\/{rel}","templated":true}]}}