{"id":30363,"date":"2025-05-21T11:15:57","date_gmt":"2025-05-21T08:15:57","guid":{"rendered":"https:\/\/www.egemtv.com\/?p=30363"},"modified":"2025-05-21T11:16:03","modified_gmt":"2025-05-21T08:16:03","slug":"aydinda-otomobil-kule-dondu","status":"publish","type":"post","link":"https:\/\/www.egemtv.com\/?p=30363","title":{"rendered":"Ayd\u0131n\u2019da otomobil k\u00fcle d\u00f6nd\u00fc"},"content":{"rendered":"<p>Ayd\u0131n\u2019\u0131n Efeler il\u00e7esinde meydana gelen yang\u0131nda otomobil k\u00fcle d\u00f6nd\u00fc.<br \/>\n<br \/>Yang\u0131n sabah saatlerinde AD\u00dc Varyant yolunda meydana geldi. Edinilen bilgiye g\u00f6re, 09 EL 168 plakal\u0131 otomobilin motor k\u0131sm\u0131ndan dumanlar\u0131n y\u00fckseldi\u011fini g\u00f6ren ara\u00e7 s\u00fcr\u00fcc\u00fcs\u00fc otomobilini kenara \u00e7ekerek itfaiye ekiplerine haber verdi. Olay yerine gelen Ayd\u0131n B\u00fcy\u00fck\u015fehir Belediyesi \u0130tfaiye ekipleri otomobili saran alevlere m\u00fcdahale ederek s\u00f6nd\u00fcrd\u00fc. Yang\u0131n sonras\u0131 otomobil k\u00fcle d\u00f6nerek kullan\u0131lmaz hale geldi.<br \/>\n<br \/>Yang\u0131nla ilgili inceleme s\u00fcr\u00fcyor.<br \/><\/p>\n","protected":false},"excerpt":{"rendered":"<p>Ayd\u0131n\u2019\u0131n Efeler il\u00e7esinde meydana gelen yang\u0131nda otomobil k\u00fcle d\u00f6nd\u00fc. Yang\u0131n sabah saatlerinde AD\u00dc Varyant yolunda meydana geldi. Edinilen bilgiye g\u00f6re, 09 EL 168 plakal\u0131 otomobilin motor k\u0131sm\u0131ndan dumanlar\u0131n y\u00fckseldi\u011fini g\u00f6ren ara\u00e7 s\u00fcr\u00fcc\u00fcs\u00fc otomobilini kenara \u00e7ekerek itfaiye ekiplerine haber verdi. Olay yerine gelen Ayd\u0131n B\u00fcy\u00fck\u015fehir Belediyesi \u0130tfaiye ekipleri otomobili saran alevlere m\u00fcdahale ederek s\u00f6nd\u00fcrd\u00fc. Yang\u0131n sonras\u0131&#8230;<\/p>\n","protected":false},"author":1,"featured_media":30364,"comment_status":"open","ping_status":"open","sticky":false,"template":"","format":"standard","meta":{"_crdt_document":"","footnotes":""},"categories":[5],"tags":[],"class_list":["post-30363","post","type-post","status-publish","format-standard","has-post-thumbnail","hentry","category-asayis"],"_links":{"self":[{"href":"https:\/\/www.egemtv.com\/index.php?rest_route=\/wp\/v2\/posts\/30363","targetHints":{"allow":["GET"]}}],"collection":[{"href":"https:\/\/www.egemtv.com\/index.php?rest_route=\/wp\/v2\/posts"}],"about":[{"href":"https:\/\/www.egemtv.com\/index.php?rest_route=\/wp\/v2\/types\/post"}],"author":[{"embeddable":true,"href":"https:\/\/www.egemtv.com\/index.php?rest_route=\/wp\/v2\/users\/1"}],"replies":[{"embeddable":true,"href":"https:\/\/www.egemtv.com\/index.php?rest_route=%2Fwp%2Fv2%2Fcomments&post=30363"}],"version-history":[{"count":1,"href":"https:\/\/www.egemtv.com\/index.php?rest_route=\/wp\/v2\/posts\/30363\/revisions"}],"predecessor-version":[{"id":30365,"href":"https:\/\/www.egemtv.com\/index.php?rest_route=\/wp\/v2\/posts\/30363\/revisions\/30365"}],"wp:featuredmedia":[{"embeddable":true,"href":"https:\/\/www.egemtv.com\/index.php?rest_route=\/wp\/v2\/media\/30364"}],"wp:attachment":[{"href":"https:\/\/www.egemtv.com\/index.php?rest_route=%2Fwp%2Fv2%2Fmedia&parent=30363"}],"wp:term":[{"taxonomy":"category","embeddable":true,"href":"https:\/\/www.egemtv.com\/index.php?rest_route=%2Fwp%2Fv2%2Fcategories&post=30363"},{"taxonomy":"post_tag","embeddable":true,"href":"https:\/\/www.egemtv.com\/index.php?rest_route=%2Fwp%2Fv2%2Ftags&post=30363"}],"curies":[{"name":"wp","href":"https:\/\/api.w.org\/{rel}","templated":true}]}}