{"id":30351,"date":"2025-05-21T10:57:14","date_gmt":"2025-05-21T07:57:14","guid":{"rendered":"https:\/\/www.egemtv.com\/?p=30351"},"modified":"2025-05-21T10:57:19","modified_gmt":"2025-05-21T07:57:19","slug":"karacasuda-yagmur-suyu-tahliye-hatti-gucleniyor","status":"publish","type":"post","link":"https:\/\/www.egemtv.com\/?p=30351","title":{"rendered":"Karacasu\u2019da ya\u011fmur suyu tahliye hatt\u0131 g\u00fc\u00e7leniyor"},"content":{"rendered":"<p>Ayd\u0131n\u2019\u0131n Karacasu il\u00e7esinde ya\u011fmur suyu tahliyesini g\u00fc\u00e7lendirmek amac\u0131yla belediye ekiplerince beton b\u00fcz d\u00f6\u015feme \u00e7al\u0131\u015fmalar\u0131 ger\u00e7ekle\u015ftiriliyor.<\/p>\n<p>Ya\u011fmur suyunun birikme yapmadan sulama kanal\u0131na tahliye edilmesini sa\u011flayan ya\u011fmur suyu tahliye hatt\u0131n\u0131 g\u00fc\u00e7lendirmek amac\u0131yla Karacasu Belediyesi ekipleri saha \u00e7al\u0131\u015fmalar\u0131na devam ediyor. Dedeler Mahallesi\u2019nde \u00e7al\u0131\u015fma ba\u015flatan ekipler, \u00f6zellikle k\u0131\u015f aylar\u0131nda aratan ya\u011f\u0131\u015flarla olu\u015fabilecek olumsuzluklar\u0131n \u00f6n\u00fcne ge\u00e7meyi hedeflerken bir yandan da halk\u0131n g\u00fcvenli\u011fi ve konforu i\u00e7in teknik detaylar\u0131 g\u00f6z \u00f6n\u00fcnde bulundurarak d\u00fczenleme yap\u0131yor.<\/p>\n<p>Konu ile ilgili Karacasu Belediyesi\u2019nden yap\u0131lan a\u00e7\u0131klamada &#8220;Dedeler Mahallemizde, ya\u011fmur suyu tahliyesini g\u00fc\u00e7lendirmek amac\u0131yla beton b\u00fcz d\u00f6\u015feme \u00e7al\u0131\u015fmas\u0131 ger\u00e7ekle\u015ftirilmi\u015ftir. \u00c7al\u0131\u015fmalar\u0131m\u0131z mahallelerimizin ihtiya\u00e7lar\u0131 do\u011frultusunda devam etmektedir&#8221; ifadeleri yer ald\u0131.<br \/><\/p>\n","protected":false},"excerpt":{"rendered":"<p>Ayd\u0131n\u2019\u0131n Karacasu il\u00e7esinde ya\u011fmur suyu tahliyesini g\u00fc\u00e7lendirmek amac\u0131yla belediye ekiplerince beton b\u00fcz d\u00f6\u015feme \u00e7al\u0131\u015fmalar\u0131 ger\u00e7ekle\u015ftiriliyor. Ya\u011fmur suyunun birikme yapmadan sulama kanal\u0131na tahliye edilmesini sa\u011flayan ya\u011fmur suyu tahliye hatt\u0131n\u0131 g\u00fc\u00e7lendirmek amac\u0131yla Karacasu Belediyesi ekipleri saha \u00e7al\u0131\u015fmalar\u0131na devam ediyor. Dedeler Mahallesi\u2019nde \u00e7al\u0131\u015fma ba\u015flatan ekipler, \u00f6zellikle k\u0131\u015f aylar\u0131nda aratan ya\u011f\u0131\u015flarla olu\u015fabilecek olumsuzluklar\u0131n \u00f6n\u00fcne ge\u00e7meyi hedeflerken bir yandan da&#8230;<\/p>\n","protected":false},"author":1,"featured_media":30352,"comment_status":"open","ping_status":"open","sticky":false,"template":"","format":"standard","meta":{"_crdt_document":"","footnotes":""},"categories":[1],"tags":[],"class_list":["post-30351","post","type-post","status-publish","format-standard","has-post-thumbnail","hentry","category-guncel"],"_links":{"self":[{"href":"https:\/\/www.egemtv.com\/index.php?rest_route=\/wp\/v2\/posts\/30351","targetHints":{"allow":["GET"]}}],"collection":[{"href":"https:\/\/www.egemtv.com\/index.php?rest_route=\/wp\/v2\/posts"}],"about":[{"href":"https:\/\/www.egemtv.com\/index.php?rest_route=\/wp\/v2\/types\/post"}],"author":[{"embeddable":true,"href":"https:\/\/www.egemtv.com\/index.php?rest_route=\/wp\/v2\/users\/1"}],"replies":[{"embeddable":true,"href":"https:\/\/www.egemtv.com\/index.php?rest_route=%2Fwp%2Fv2%2Fcomments&post=30351"}],"version-history":[{"count":1,"href":"https:\/\/www.egemtv.com\/index.php?rest_route=\/wp\/v2\/posts\/30351\/revisions"}],"predecessor-version":[{"id":30353,"href":"https:\/\/www.egemtv.com\/index.php?rest_route=\/wp\/v2\/posts\/30351\/revisions\/30353"}],"wp:featuredmedia":[{"embeddable":true,"href":"https:\/\/www.egemtv.com\/index.php?rest_route=\/wp\/v2\/media\/30352"}],"wp:attachment":[{"href":"https:\/\/www.egemtv.com\/index.php?rest_route=%2Fwp%2Fv2%2Fmedia&parent=30351"}],"wp:term":[{"taxonomy":"category","embeddable":true,"href":"https:\/\/www.egemtv.com\/index.php?rest_route=%2Fwp%2Fv2%2Fcategories&post=30351"},{"taxonomy":"post_tag","embeddable":true,"href":"https:\/\/www.egemtv.com\/index.php?rest_route=%2Fwp%2Fv2%2Ftags&post=30351"}],"curies":[{"name":"wp","href":"https:\/\/api.w.org\/{rel}","templated":true}]}}