{"id":30348,"date":"2025-05-21T10:57:10","date_gmt":"2025-05-21T07:57:10","guid":{"rendered":"https:\/\/www.egemtv.com\/?p=30348"},"modified":"2025-05-21T10:57:14","modified_gmt":"2025-05-21T07:57:14","slug":"cilt-kanseriyle-mucadelede-farkindalik-semineri","status":"publish","type":"post","link":"https:\/\/www.egemtv.com\/?p=30348","title":{"rendered":"Cilt kanseriyle m\u00fccadelede fark\u0131ndal\u0131k semineri"},"content":{"rendered":"<p>\u0130zmir Ekonomi \u00dcniversitesi Medical Point Hastanesi Dermatoloji B\u00f6l\u00fcm\u00fc\u2019nden Uzm. Dr. Tu\u011f\u00e7e \u00d6zkapu, toplumda giderek artan cilt kanseri vakalar\u0131na dikkat \u00e7ekmek ve erken te\u015fhisin \u00f6nemini vurgulamak amac\u0131yla fark\u0131ndal\u0131k semineri d\u00fczenledi.<br \/>\n<br \/>Hastane konferans salonunda ger\u00e7ekle\u015ftirilen etkinlikte, cilt kanserinin t\u00fcrleri, risk fakt\u00f6rleri, korunma yollar\u0131 ve d\u00fczenli deri kontrollerinin \u00f6nemi detayl\u0131 bir \u015fekilde ele al\u0131nd\u0131. G\u00fcne\u015fin zararl\u0131 etkileri, solaryum kullan\u0131m\u0131, genetik yatk\u0131nl\u0131k gibi fakt\u00f6rlerin cilt sa\u011fl\u0131\u011f\u0131 \u00fczerindeki etkilerini anlatan Dr. \u00d6zkapu, kat\u0131l\u0131mc\u0131lara g\u00f6rseller e\u015fli\u011finde bilgilendirici bir sunum yapt\u0131. Seminerde ayr\u0131ca \u015f\u00fcpheli benlerin takibi ve de\u011fi\u015fimlerin erken fark edilmesinin hayat kurtar\u0131c\u0131 rol\u00fc vurguland\u0131.<br \/>\n<br \/>Uzm. Dr. Tu\u011f\u00e7e \u00d6zkapu, &#8220;Cilt kanseri, erken te\u015fhisle tedavi edilebilen bir hastal\u0131k. Bu nedenle g\u00fcne\u015ften korunma al\u0131\u015fkanl\u0131klar\u0131 kazanmak, d\u00fczenli dermatolojik muayenelerden ge\u00e7mek ve ciltteki de\u011fi\u015fiklikleri takip etmek son derece \u00f6nemli&#8221; dedi.<br \/><\/p>\n","protected":false},"excerpt":{"rendered":"<p>\u0130zmir Ekonomi \u00dcniversitesi Medical Point Hastanesi Dermatoloji B\u00f6l\u00fcm\u00fc\u2019nden Uzm. Dr. Tu\u011f\u00e7e \u00d6zkapu, toplumda giderek artan cilt kanseri vakalar\u0131na dikkat \u00e7ekmek ve erken te\u015fhisin \u00f6nemini vurgulamak amac\u0131yla fark\u0131ndal\u0131k semineri d\u00fczenledi. Hastane konferans salonunda ger\u00e7ekle\u015ftirilen etkinlikte, cilt kanserinin t\u00fcrleri, risk fakt\u00f6rleri, korunma yollar\u0131 ve d\u00fczenli deri kontrollerinin \u00f6nemi detayl\u0131 bir \u015fekilde ele al\u0131nd\u0131. G\u00fcne\u015fin zararl\u0131 etkileri, solaryum&#8230;<\/p>\n","protected":false},"author":1,"featured_media":30349,"comment_status":"open","ping_status":"open","sticky":false,"template":"","format":"standard","meta":{"_crdt_document":"","footnotes":""},"categories":[2],"tags":[],"class_list":["post-30348","post","type-post","status-publish","format-standard","has-post-thumbnail","hentry","category-saglik"],"_links":{"self":[{"href":"https:\/\/www.egemtv.com\/index.php?rest_route=\/wp\/v2\/posts\/30348","targetHints":{"allow":["GET"]}}],"collection":[{"href":"https:\/\/www.egemtv.com\/index.php?rest_route=\/wp\/v2\/posts"}],"about":[{"href":"https:\/\/www.egemtv.com\/index.php?rest_route=\/wp\/v2\/types\/post"}],"author":[{"embeddable":true,"href":"https:\/\/www.egemtv.com\/index.php?rest_route=\/wp\/v2\/users\/1"}],"replies":[{"embeddable":true,"href":"https:\/\/www.egemtv.com\/index.php?rest_route=%2Fwp%2Fv2%2Fcomments&post=30348"}],"version-history":[{"count":1,"href":"https:\/\/www.egemtv.com\/index.php?rest_route=\/wp\/v2\/posts\/30348\/revisions"}],"predecessor-version":[{"id":30350,"href":"https:\/\/www.egemtv.com\/index.php?rest_route=\/wp\/v2\/posts\/30348\/revisions\/30350"}],"wp:featuredmedia":[{"embeddable":true,"href":"https:\/\/www.egemtv.com\/index.php?rest_route=\/wp\/v2\/media\/30349"}],"wp:attachment":[{"href":"https:\/\/www.egemtv.com\/index.php?rest_route=%2Fwp%2Fv2%2Fmedia&parent=30348"}],"wp:term":[{"taxonomy":"category","embeddable":true,"href":"https:\/\/www.egemtv.com\/index.php?rest_route=%2Fwp%2Fv2%2Fcategories&post=30348"},{"taxonomy":"post_tag","embeddable":true,"href":"https:\/\/www.egemtv.com\/index.php?rest_route=%2Fwp%2Fv2%2Ftags&post=30348"}],"curies":[{"name":"wp","href":"https:\/\/api.w.org\/{rel}","templated":true}]}}