{"id":30345,"date":"2025-05-21T10:57:05","date_gmt":"2025-05-21T07:57:05","guid":{"rendered":"https:\/\/www.egemtv.com\/?p=30345"},"modified":"2025-05-21T10:57:10","modified_gmt":"2025-05-21T07:57:10","slug":"bir-zamanlar-tugla-tasidigi-okula-bagista-bulundu","status":"publish","type":"post","link":"https:\/\/www.egemtv.com\/?p=30345","title":{"rendered":"Bir zamanlar tu\u011fla ta\u015f\u0131d\u0131\u011f\u0131 okula, ba\u011f\u0131\u015fta bulundu"},"content":{"rendered":"<p>Ayd\u0131n\u2019\u0131n Ku\u015fadas\u0131 il\u00e7esinde 2003 y\u0131l\u0131nda in\u015faat i\u015f\u00e7isi olarak g\u00f6rev ald\u0131\u011f\u0131 Makbule-Hasan U\u00e7ar Anadolu Lisesi\u2019nin yap\u0131m\u0131nda \u00e7al\u0131\u015fan ve o d\u00f6nemde evi olmad\u0131\u011f\u0131 i\u00e7in okulun in\u015faat\u0131nda geceleri kalan Erkan G\u00fczelg\u00fcn, y\u0131llar sonra ayn\u0131 okulun Resim ve M\u00fczik Odas\u0131\u2019n\u0131n a\u00e7\u0131l\u0131\u015f\u0131na katk\u0131da bulundu.<br \/>\n<br \/>Makbule &#8211; Hasan U\u00e7ar Anadolu Lisesi\u2019nin Resim ve M\u00fczik Odas\u0131 hay\u0131rseverlerin katk\u0131lar\u0131 ile \u00f6\u011frencilerin kullan\u0131m\u0131na sunuldu. Resim ve M\u00fczik Odas\u0131\u2019n\u0131n a\u00e7\u0131l\u0131\u015f\u0131na katk\u0131da bulunan isimler aras\u0131nda, okulun in\u015faat\u0131nda \u00e7al\u0131\u015fan ve o d\u00f6nem kalacak yeri olmad\u0131\u011f\u0131 i\u00e7in in\u015faatta konaklayan, sonras\u0131nda azmi ile i\u015flerini ilerleten i\u015f adam\u0131 Erkan G\u00fczelg\u00fcn\u2019de yer ald\u0131. G\u00fczelg\u00fcn, okula ba\u011f\u0131\u015fta bulunman\u0131n katk\u0131 vermenin kendisi ad\u0131na \u00e7ok anlaml\u0131 oldu\u011funu ifade etti.<br \/>\n<br \/>&#8220;Bir zamanlar tu\u011fla ta\u015f\u0131d\u0131\u011f\u0131m okula \u015fimdi sanat kazand\u0131rman\u0131n onurunu ya\u015f\u0131yorum&#8221; diyen Erkan G\u00fczelg\u00fcn, yapt\u0131\u011f\u0131 konu\u015fmada \u015fu ifadelere yer verdi:<br \/>\n<br \/>&#8220;2003 y\u0131l\u0131nda bu okulun in\u015faat\u0131nda \u00e7al\u0131\u015f\u0131rken bir evim bile yoktu. \u015eimdi ayn\u0131 okulda gen\u00e7lerin sanatla bulu\u015fmas\u0131na katk\u0131 sa\u011flayan biri olarak burada olmak tarifsiz bir duygu. Sanat, ger\u00e7e\u011fi g\u00f6ren, toplumu anlayan bireylerin yeti\u015fmesini sa\u011flar. Bu odada nice sanat\u00e7\u0131n\u0131n yeti\u015fece\u011fine y\u00fcrekten inan\u0131yorum&#8221;<br \/>\n<br \/>G\u00fczelg\u00fcn, Resim ve M\u00fczik Odas\u0131\u2019n\u0131n a\u00e7\u0131l\u0131\u015f\u0131n\u0131 ger\u00e7ekle\u015ftiren isimler aras\u0131nda yer al\u0131rken, ba\u015fta okulu Ku\u015fadas\u0131\u2019na kazand\u0131ran H\u00fcsn\u00fc U\u00e7ar\u2019a, Ku\u015fadas\u0131 \u0130l\u00e7e Milli E\u011fitim M\u00fcd\u00fcr\u00fc \u0130brahim Ataman\u2019a ve eme\u011fi ge\u00e7en herkese te\u015fekk\u00fcr etti.<br \/><\/p>\n","protected":false},"excerpt":{"rendered":"<p>Ayd\u0131n\u2019\u0131n Ku\u015fadas\u0131 il\u00e7esinde 2003 y\u0131l\u0131nda in\u015faat i\u015f\u00e7isi olarak g\u00f6rev ald\u0131\u011f\u0131 Makbule-Hasan U\u00e7ar Anadolu Lisesi\u2019nin yap\u0131m\u0131nda \u00e7al\u0131\u015fan ve o d\u00f6nemde evi olmad\u0131\u011f\u0131 i\u00e7in okulun in\u015faat\u0131nda geceleri kalan Erkan G\u00fczelg\u00fcn, y\u0131llar sonra ayn\u0131 okulun Resim ve M\u00fczik Odas\u0131\u2019n\u0131n a\u00e7\u0131l\u0131\u015f\u0131na katk\u0131da bulundu. Makbule &#8211; Hasan U\u00e7ar Anadolu Lisesi\u2019nin Resim ve M\u00fczik Odas\u0131 hay\u0131rseverlerin katk\u0131lar\u0131 ile \u00f6\u011frencilerin kullan\u0131m\u0131na sunuldu&#8230;.<\/p>\n","protected":false},"author":1,"featured_media":30346,"comment_status":"open","ping_status":"open","sticky":false,"template":"","format":"standard","meta":{"_crdt_document":"","footnotes":""},"categories":[123],"tags":[],"class_list":["post-30345","post","type-post","status-publish","format-standard","has-post-thumbnail","hentry","category-gundem"],"_links":{"self":[{"href":"https:\/\/www.egemtv.com\/index.php?rest_route=\/wp\/v2\/posts\/30345","targetHints":{"allow":["GET"]}}],"collection":[{"href":"https:\/\/www.egemtv.com\/index.php?rest_route=\/wp\/v2\/posts"}],"about":[{"href":"https:\/\/www.egemtv.com\/index.php?rest_route=\/wp\/v2\/types\/post"}],"author":[{"embeddable":true,"href":"https:\/\/www.egemtv.com\/index.php?rest_route=\/wp\/v2\/users\/1"}],"replies":[{"embeddable":true,"href":"https:\/\/www.egemtv.com\/index.php?rest_route=%2Fwp%2Fv2%2Fcomments&post=30345"}],"version-history":[{"count":1,"href":"https:\/\/www.egemtv.com\/index.php?rest_route=\/wp\/v2\/posts\/30345\/revisions"}],"predecessor-version":[{"id":30347,"href":"https:\/\/www.egemtv.com\/index.php?rest_route=\/wp\/v2\/posts\/30345\/revisions\/30347"}],"wp:featuredmedia":[{"embeddable":true,"href":"https:\/\/www.egemtv.com\/index.php?rest_route=\/wp\/v2\/media\/30346"}],"wp:attachment":[{"href":"https:\/\/www.egemtv.com\/index.php?rest_route=%2Fwp%2Fv2%2Fmedia&parent=30345"}],"wp:term":[{"taxonomy":"category","embeddable":true,"href":"https:\/\/www.egemtv.com\/index.php?rest_route=%2Fwp%2Fv2%2Fcategories&post=30345"},{"taxonomy":"post_tag","embeddable":true,"href":"https:\/\/www.egemtv.com\/index.php?rest_route=%2Fwp%2Fv2%2Ftags&post=30345"}],"curies":[{"name":"wp","href":"https:\/\/api.w.org\/{rel}","templated":true}]}}