{"id":30339,"date":"2025-05-21T10:36:15","date_gmt":"2025-05-21T07:36:15","guid":{"rendered":"https:\/\/www.egemtv.com\/?p=30339"},"modified":"2025-05-21T10:36:20","modified_gmt":"2025-05-21T07:36:20","slug":"denizlinin-cocuklar-turkiye-zeka-oyunlarina-damga-vurdu","status":"publish","type":"post","link":"https:\/\/www.egemtv.com\/?p=30339","title":{"rendered":"Denizli\u2019nin \u00e7ocuklar T\u00fcrkiye Zeka Oyunlar\u0131na damga vurdu"},"content":{"rendered":"<p>Denizli\u2019nin Merkezefendi Fatih \u0130lkokulunun 8 \u00f6\u011frencisi, Zeka Oyunlar\u0131 T\u00fcrkiye Finaline damga vurarak, k\u00fcrs\u00fcye \u00e7\u0131kma ba\u015far\u0131s\u0131 g\u00f6sterdi.<\/p>\n<p>T\u00fcrkiye genelinden binlerce \u00f6\u011frencinin kat\u0131ld\u0131\u011f\u0131 5. Oyuncu Beyinler Zeka Oyunlar\u0131 Yar\u0131\u015fmas\u0131\u2019nda Merkezefendi Fatih \u0130lkokulu, iki kategoride birden b\u00fcy\u00fck bir ba\u015far\u0131ya imza att\u0131. Ankara\u2019da d\u00fczenlenen finalde 8 \u00f6\u011frencisiyle dereceye giren okul, hem 2024 hem de 2025 y\u0131l\u0131nda T\u00fcrkiye \u015fampiyonu olmay\u0131 ba\u015fard\u0131. T\u00fcrkiye Ak\u0131l ve Zeka Oyunlar\u0131 Federasyonu\u2019nun organize etti\u011fi yar\u0131\u015fmaya bu y\u0131l 72 ilden toplam 5 bin 597 \u00f6\u011frenci kat\u0131ld\u0131. \u00dc\u00e7 a\u015famal\u0131 olarak d\u00fczenlenen yar\u0131\u015fmada ilk a\u015famay\u0131 ge\u00e7en 2 bin 500 \u00f6\u011frenci, ikinci a\u015famaya ge\u00e7meye hak kazand\u0131. \u0130kinci a\u015faman\u0131n ard\u0131ndan sadece 630 \u00f6\u011frenci finale kat\u0131labildi. Final m\u00fcsabakalar\u0131 ise Ankara TED Koleji ev sahipli\u011finde ger\u00e7ekle\u015fti.<\/p>\n<p>Fatih \u0130lkokulu, bu b\u00fcy\u00fck finale 41 \u00f6\u011frenciyle kat\u0131larak dikkatleri \u00fczerine \u00e7ekti. Okulun \u00f6\u011frencileri finalde g\u00f6sterdikleri \u00fcst\u00fcn performansla iki farkl\u0131 kategoride tam 8 derece elde etti: \u0130lkokul Kategorisinde, Emir Ege Arslany\u00f6r\u00fcr T\u00fcrkiye 1.\u2019si, Ali Ka\u011fan Ser\u00e7in T\u00fcrkiye 2.si ve Kerem Tar\u0131m T\u00fcrkiye 3.\u2019s\u00fc. Junior Kategorisinde, Yunus Emre Sa\u011fd\u0131\u00e7 T\u00fcrkiye 2.\u2019si, O\u011fuz Kaan Y\u00f6r\u00fck T\u00fcrkiye 3.\u2019s\u00fc, Selman Bat T\u00fcrkiye 5.\u2019si, Erva Nur Tun\u00e7er T\u00fcrkiye 8.\u2019si ve Deniz Efe G\u00fcng\u00f6r\u00fcr T\u00fcrkiye 10.\u2019su olmay\u0131 ba\u015fard\u0131. Merkezefendi Fatih \u0130lkokulu, yar\u0131\u015fma tarihinde \u00fcst \u00fcste iki y\u0131l T\u00fcrkiye \u015fampiyonu olan say\u0131l\u0131 okullardan biri olmay\u0131 da ba\u015fard\u0131.<\/p>\n<p>Dan\u0131\u015fman \u00f6\u011fretmen \u0130lyas Erel, &#8220;Hem okulumuzu hem de Denizli ilimizi ba\u015far\u0131yla temsil etmenin gururunu ya\u015f\u0131yoruz. \u00c7ocuklar\u0131m\u0131z\u0131n bu \u00f6zverili \u00e7al\u0131\u015fmalar\u0131 sayesinde b\u00fcy\u00fck bir mutluluk ve heyecan ya\u015fad\u0131k. Te\u015fekk\u00fcrler \u00e7ocuklar&#8221; dedi.<br \/><\/p>\n","protected":false},"excerpt":{"rendered":"<p>Denizli\u2019nin Merkezefendi Fatih \u0130lkokulunun 8 \u00f6\u011frencisi, Zeka Oyunlar\u0131 T\u00fcrkiye Finaline damga vurarak, k\u00fcrs\u00fcye \u00e7\u0131kma ba\u015far\u0131s\u0131 g\u00f6sterdi. T\u00fcrkiye genelinden binlerce \u00f6\u011frencinin kat\u0131ld\u0131\u011f\u0131 5. Oyuncu Beyinler Zeka Oyunlar\u0131 Yar\u0131\u015fmas\u0131\u2019nda Merkezefendi Fatih \u0130lkokulu, iki kategoride birden b\u00fcy\u00fck bir ba\u015far\u0131ya imza att\u0131. Ankara\u2019da d\u00fczenlenen finalde 8 \u00f6\u011frencisiyle dereceye giren okul, hem 2024 hem de 2025 y\u0131l\u0131nda T\u00fcrkiye \u015fampiyonu olmay\u0131&#8230;<\/p>\n","protected":false},"author":1,"featured_media":30340,"comment_status":"open","ping_status":"open","sticky":false,"template":"","format":"standard","meta":{"_crdt_document":"","footnotes":""},"categories":[124],"tags":[],"class_list":["post-30339","post","type-post","status-publish","format-standard","has-post-thumbnail","hentry","category-bilim"],"_links":{"self":[{"href":"https:\/\/www.egemtv.com\/index.php?rest_route=\/wp\/v2\/posts\/30339","targetHints":{"allow":["GET"]}}],"collection":[{"href":"https:\/\/www.egemtv.com\/index.php?rest_route=\/wp\/v2\/posts"}],"about":[{"href":"https:\/\/www.egemtv.com\/index.php?rest_route=\/wp\/v2\/types\/post"}],"author":[{"embeddable":true,"href":"https:\/\/www.egemtv.com\/index.php?rest_route=\/wp\/v2\/users\/1"}],"replies":[{"embeddable":true,"href":"https:\/\/www.egemtv.com\/index.php?rest_route=%2Fwp%2Fv2%2Fcomments&post=30339"}],"version-history":[{"count":1,"href":"https:\/\/www.egemtv.com\/index.php?rest_route=\/wp\/v2\/posts\/30339\/revisions"}],"predecessor-version":[{"id":30341,"href":"https:\/\/www.egemtv.com\/index.php?rest_route=\/wp\/v2\/posts\/30339\/revisions\/30341"}],"wp:featuredmedia":[{"embeddable":true,"href":"https:\/\/www.egemtv.com\/index.php?rest_route=\/wp\/v2\/media\/30340"}],"wp:attachment":[{"href":"https:\/\/www.egemtv.com\/index.php?rest_route=%2Fwp%2Fv2%2Fmedia&parent=30339"}],"wp:term":[{"taxonomy":"category","embeddable":true,"href":"https:\/\/www.egemtv.com\/index.php?rest_route=%2Fwp%2Fv2%2Fcategories&post=30339"},{"taxonomy":"post_tag","embeddable":true,"href":"https:\/\/www.egemtv.com\/index.php?rest_route=%2Fwp%2Fv2%2Ftags&post=30339"}],"curies":[{"name":"wp","href":"https:\/\/api.w.org\/{rel}","templated":true}]}}