{"id":30336,"date":"2025-05-21T10:36:14","date_gmt":"2025-05-21T07:36:14","guid":{"rendered":"https:\/\/www.egemtv.com\/?p=30336"},"modified":"2025-05-21T10:36:15","modified_gmt":"2025-05-21T07:36:15","slug":"akademi-ogretmenlerine-kocman-anlatildi","status":"publish","type":"post","link":"https:\/\/www.egemtv.com\/?p=30336","title":{"rendered":"Akademi \u00f6\u011fretmenlerine, Ko\u00e7man anlat\u0131ld\u0131"},"content":{"rendered":"<p>Mu\u011fla Biyografi Akademileri kapsam\u0131nda d\u00fczenlenen \u00f6zel bir etkinlikte, e\u011fitim camias\u0131na ve bilime yapt\u0131\u011f\u0131 katk\u0131larla Mu\u011fla\u2019n\u0131n hay\u0131rsever i\u015f insan\u0131 S\u0131tk\u0131 Davut Ko\u00e7man\u2019\u0131n ya\u015fam\u0131 ve vizyonu \u00f6\u011fretmenlerle payla\u015f\u0131ld\u0131.<\/p>\n<p>Etkinli\u011fe kat\u0131lan akademi \u00f6\u011fretmenleri, Ko\u00e7man\u2019\u0131n Mu\u011fla S\u0131tk\u0131 Ko\u00e7man \u00dcniversitesi\u2019ne (MSK\u00dc) sa\u011flad\u0131\u011f\u0131 katk\u0131lar\u0131 ve ilham verici ya\u015fam \u00f6yk\u00fcs\u00fcn\u00fc dinleme f\u0131rsat\u0131 buldu.<\/p>\n<p>&#8220;S\u0131tk\u0131 Davut Ko\u00e7man\u2019\u0131n e\u011fitim miras\u0131 anlat\u0131ld\u0131&#8221;<br \/>\n<br \/>Programda sunumu, S\u0131tk\u0131 Ko\u00e7man Vakf\u0131 Eski M\u00fctevelli Heyeti \u00dcyesi ve Genel Sekreteri Mustafa Koyuncu ger\u00e7ekle\u015ftirdi. Koyuncu, S\u0131tk\u0131 Davut Ko\u00e7man\u2019\u0131n yaln\u0131zca bir ba\u011f\u0131\u015f\u00e7\u0131 de\u011fil, ayn\u0131 zamanda e\u011fitime ve gen\u00e7li\u011fe g\u00f6n\u00fcl vermi\u015f bir vizyoner oldu\u011funu vurgulayarak onun \u00fcniversiteye katk\u0131 s\u00fcrecini detaylar\u0131yla aktard\u0131.<\/p>\n<p>&#8220;\u0130lham veren bir e\u011fitim yolculu\u011fu&#8221;<br \/>\n<br \/>S\u0131tk\u0131 Davut Ko\u00e7man\u2019\u0131n, Mu\u011fla S\u0131tk\u0131 Ko\u00e7man \u00dcniversitesi\u2019nin geli\u015fiminde oynad\u0131\u011f\u0131 rol, yaln\u0131zca fiziksel yat\u0131r\u0131mlarla s\u0131n\u0131rl\u0131 kalmay\u0131p ayn\u0131 zamanda bilimsel ve akademik altyap\u0131n\u0131n geli\u015fimine de \u00f6nemli katk\u0131lar sundu\u011fu anlat\u0131ld\u0131. Etkinlikte, \u00f6\u011fretmenler Ko\u00e7man\u2019\u0131n hay\u0131rseverli\u011fi, e\u011fitim sevgisi ve gelece\u011fe dair vizyonundan ilham ald\u0131.<\/p>\n<p>Bu anlaml\u0131 bulu\u015fma, Mu\u011fla Biyografi Akademileri kapsam\u0131nda e\u011fitimde iz b\u0131rakan \u015fahsiyetleri tan\u0131ma ve gelecek nesillere bu de\u011ferleri aktarma amac\u0131na \u00f6nemli bir katk\u0131 sundu.<br \/><\/p>\n","protected":false},"excerpt":{"rendered":"<p>Mu\u011fla Biyografi Akademileri kapsam\u0131nda d\u00fczenlenen \u00f6zel bir etkinlikte, e\u011fitim camias\u0131na ve bilime yapt\u0131\u011f\u0131 katk\u0131larla Mu\u011fla\u2019n\u0131n hay\u0131rsever i\u015f insan\u0131 S\u0131tk\u0131 Davut Ko\u00e7man\u2019\u0131n ya\u015fam\u0131 ve vizyonu \u00f6\u011fretmenlerle payla\u015f\u0131ld\u0131. Etkinli\u011fe kat\u0131lan akademi \u00f6\u011fretmenleri, Ko\u00e7man\u2019\u0131n Mu\u011fla S\u0131tk\u0131 Ko\u00e7man \u00dcniversitesi\u2019ne (MSK\u00dc) sa\u011flad\u0131\u011f\u0131 katk\u0131lar\u0131 ve ilham verici ya\u015fam \u00f6yk\u00fcs\u00fcn\u00fc dinleme f\u0131rsat\u0131 buldu. &#8220;S\u0131tk\u0131 Davut Ko\u00e7man\u2019\u0131n e\u011fitim miras\u0131 anlat\u0131ld\u0131&#8221; Programda sunumu, S\u0131tk\u0131&#8230;<\/p>\n","protected":false},"author":1,"featured_media":30337,"comment_status":"open","ping_status":"open","sticky":false,"template":"","format":"standard","meta":{"_crdt_document":"","footnotes":""},"categories":[1],"tags":[],"class_list":["post-30336","post","type-post","status-publish","format-standard","has-post-thumbnail","hentry","category-guncel"],"_links":{"self":[{"href":"https:\/\/www.egemtv.com\/index.php?rest_route=\/wp\/v2\/posts\/30336","targetHints":{"allow":["GET"]}}],"collection":[{"href":"https:\/\/www.egemtv.com\/index.php?rest_route=\/wp\/v2\/posts"}],"about":[{"href":"https:\/\/www.egemtv.com\/index.php?rest_route=\/wp\/v2\/types\/post"}],"author":[{"embeddable":true,"href":"https:\/\/www.egemtv.com\/index.php?rest_route=\/wp\/v2\/users\/1"}],"replies":[{"embeddable":true,"href":"https:\/\/www.egemtv.com\/index.php?rest_route=%2Fwp%2Fv2%2Fcomments&post=30336"}],"version-history":[{"count":1,"href":"https:\/\/www.egemtv.com\/index.php?rest_route=\/wp\/v2\/posts\/30336\/revisions"}],"predecessor-version":[{"id":30338,"href":"https:\/\/www.egemtv.com\/index.php?rest_route=\/wp\/v2\/posts\/30336\/revisions\/30338"}],"wp:featuredmedia":[{"embeddable":true,"href":"https:\/\/www.egemtv.com\/index.php?rest_route=\/wp\/v2\/media\/30337"}],"wp:attachment":[{"href":"https:\/\/www.egemtv.com\/index.php?rest_route=%2Fwp%2Fv2%2Fmedia&parent=30336"}],"wp:term":[{"taxonomy":"category","embeddable":true,"href":"https:\/\/www.egemtv.com\/index.php?rest_route=%2Fwp%2Fv2%2Fcategories&post=30336"},{"taxonomy":"post_tag","embeddable":true,"href":"https:\/\/www.egemtv.com\/index.php?rest_route=%2Fwp%2Fv2%2Ftags&post=30336"}],"curies":[{"name":"wp","href":"https:\/\/api.w.org\/{rel}","templated":true}]}}