{"id":30333,"date":"2025-05-21T10:16:27","date_gmt":"2025-05-21T07:16:27","guid":{"rendered":"https:\/\/www.egemtv.com\/?p=30333"},"modified":"2025-05-21T10:16:32","modified_gmt":"2025-05-21T07:16:32","slug":"taristen-kurban-bayrami-oncesi-30-bin-tl-avans-mujdesi","status":"publish","type":"post","link":"https:\/\/www.egemtv.com\/?p=30333","title":{"rendered":"TAR\u0130\u015e\u2019ten Kurban Bayram\u0131 \u00f6ncesi 30 bin TL avans m\u00fcjdesi"},"content":{"rendered":"<p>TAR\u0130\u015e \u00dcz\u00fcm Birli\u011fi Ba\u015fkan\u0131 Ferhat \u015een, \u00fcreticilere hem sevindirici bir haber verdi hem de \u00f6nemli uyar\u0131larda bulundu. \u015een, son \u00fc\u00e7 y\u0131ld\u0131r d\u00fczenli olarak kooperatiflere \u00fcz\u00fcm teslim eden ortaklara, Kurban Bayram\u0131 \u00f6ncesinde 30 bin TL bayram avans\u0131 verilece\u011fini a\u00e7\u0131klad\u0131. \u00d6demelerin haziran ay\u0131 ba\u015f\u0131nda yap\u0131laca\u011f\u0131n\u0131 bildirdi.<br \/>\n<br \/>TAR\u0130\u015e \u00dcz\u00fcm Birli\u011fi ve TAR\u0130\u015e Ala\u015fehir Kooperatifi i\u015f birli\u011fiyle d\u00fczenlenen ve \u00fcz\u00fcmde kal\u0131nt\u0131 sorununun ele al\u0131nd\u0131\u011f\u0131 toplant\u0131, \u015eehit Fethi Sekin Konferans Salonu\u2019nda ger\u00e7ekle\u015ftirildi.<\/p>\n<p>&#8220;Pazar elimizden kaymas\u0131n&#8221;<br \/>\n<br \/>Toplant\u0131n\u0131n a\u00e7\u0131l\u0131\u015f konu\u015fmas\u0131n\u0131 yapan Ba\u015fkan Ferhat \u015een, son 3 y\u0131lda d\u00fczenli olarak Kooperatife \u00fcz\u00fcm teslim eden \u00fcreticilere haziran ay\u0131 ba\u015f\u0131nda Kurban Bayram\u0131 \u00f6ncesinde 30 bin TL avans verilece\u011fini s\u00f6yledi. \u015een, bayram \u00f6ncesi verilecek avans\u0131n m\u00fcjdesini verdikten sonra kal\u0131nt\u0131 konusunda \u00fcreticileri uyard\u0131. Kal\u0131nt\u0131n\u0131n, d\u0131\u015f pazarlarda T\u00fcrk \u00fcz\u00fcm\u00fcn\u00fcn itibar\u0131n\u0131 zedeleyebilece\u011fine dikkat \u00e7eken \u015een, \u00fcreticilerden ruhsats\u0131z ila\u00e7 kullanmamalar\u0131n\u0131 ve kal\u0131nt\u0131s\u0131z \u00fcr\u00fcn \u00fcretimine azami \u00f6zen g\u00f6stermelerini istedi.<br \/>\n<br \/>\u015een, &#8220;Al\u0131c\u0131 \u00fclkeler kal\u0131nt\u0131 ve yasakl\u0131 maddeler konusunda \u00e7ok hassas davran\u0131yor. Azalan pazarlar\u0131m\u0131z\u0131 tamamen kaybetmemek ad\u0131na \u00fcreticilerimizi uyar\u0131yorum. Pazar elimizden kay\u0131yor. Bu y\u00fczden i\u015fletme kapasitemizi art\u0131rd\u0131k. Pestisit ciddi bir sorun. \u00c7al\u0131\u015fmalar\u0131m\u0131z devam ediyor. Kooperatiflerimize laboratuvar kazand\u0131raca\u011f\u0131z. Zorlan\u0131yoruz ama birlikte ba\u015faraca\u011f\u0131z&#8221; dedi.<\/p>\n<p>&#8220;Emekleri heba etmeyelim&#8221;<br \/>\n<br \/>Toplant\u0131ya kat\u0131lan Manisa \u0130l Tar\u0131m ve Orman M\u00fcd\u00fcr\u00fc Metin \u00d6zt\u00fcrk de \u00fcreticilere \u00f6nemli uyar\u0131larda bulundu. \u00d6zt\u00fcrk, yasakl\u0131 aktif maddelerin kullan\u0131m\u0131 halinde \u00fcr\u00fcnlerin imha edilece\u011fini hat\u0131rlatarak, &#8220;Al\u0131c\u0131 \u00fclkeler art\u0131k kal\u0131nt\u0131 konusunda teyakkuzda. \u00dcreticilerimiz ve bayilerimiz daha hassas olmal\u0131. Bakanl\u0131\u011f\u0131n kesin talimat\u0131 var; yasakl\u0131 madde bulunan ba\u011flar\u0131n \u00fcz\u00fcmleri imha edilecek. Yasakl\u0131 \u00fcr\u00fcnler s\u00fcrekli g\u00fcncelleniyor. Bu konuda bilgilenmek \u015fart. Sa\u011fl\u0131k hem \u00fcreticinin hem t\u00fcketicinin hakk\u0131. T\u00fcrk \u00fcz\u00fcm\u00fc d\u00fcnyada en kaliteli ve pahal\u0131 olarak sat\u0131l\u0131yor. Bu eme\u011fi heba etmeyelim. Buradaki \u00fcreticiler, burada olmayanlara da bilgi aktarmal\u0131.&#8221; diye konu\u015ftu.<br \/>\n<br \/>Toplant\u0131da ayr\u0131ca ya\u015f sebze ve meyve ihracat\u00e7\u0131lar\u0131 Ali U\u00e7ak ve Cengiz Bal\u0131k da s\u00f6z ald\u0131. U\u00e7ak ve Bal\u0131k, d\u00fcnya pazar\u0131ndaki pay\u0131n korunmas\u0131 i\u00e7in kal\u0131nt\u0131s\u0131z ve temiz \u00fcretimin \u015fart oldu\u011funu, aksi takdirde t\u00fcm sekt\u00f6r\u00fcn zarar g\u00f6rece\u011fini belirtti.<br \/><\/p>\n","protected":false},"excerpt":{"rendered":"<p>TAR\u0130\u015e \u00dcz\u00fcm Birli\u011fi Ba\u015fkan\u0131 Ferhat \u015een, \u00fcreticilere hem sevindirici bir haber verdi hem de \u00f6nemli uyar\u0131larda bulundu. \u015een, son \u00fc\u00e7 y\u0131ld\u0131r d\u00fczenli olarak kooperatiflere \u00fcz\u00fcm teslim eden ortaklara, Kurban Bayram\u0131 \u00f6ncesinde 30 bin TL bayram avans\u0131 verilece\u011fini a\u00e7\u0131klad\u0131. \u00d6demelerin haziran ay\u0131 ba\u015f\u0131nda yap\u0131laca\u011f\u0131n\u0131 bildirdi. TAR\u0130\u015e \u00dcz\u00fcm Birli\u011fi ve TAR\u0130\u015e Ala\u015fehir Kooperatifi i\u015f birli\u011fiyle d\u00fczenlenen ve&#8230;<\/p>\n","protected":false},"author":1,"featured_media":30334,"comment_status":"open","ping_status":"open","sticky":false,"template":"","format":"standard","meta":{"_crdt_document":"","footnotes":""},"categories":[125],"tags":[],"class_list":["post-30333","post","type-post","status-publish","format-standard","has-post-thumbnail","hentry","category-ekonomi"],"_links":{"self":[{"href":"https:\/\/www.egemtv.com\/index.php?rest_route=\/wp\/v2\/posts\/30333","targetHints":{"allow":["GET"]}}],"collection":[{"href":"https:\/\/www.egemtv.com\/index.php?rest_route=\/wp\/v2\/posts"}],"about":[{"href":"https:\/\/www.egemtv.com\/index.php?rest_route=\/wp\/v2\/types\/post"}],"author":[{"embeddable":true,"href":"https:\/\/www.egemtv.com\/index.php?rest_route=\/wp\/v2\/users\/1"}],"replies":[{"embeddable":true,"href":"https:\/\/www.egemtv.com\/index.php?rest_route=%2Fwp%2Fv2%2Fcomments&post=30333"}],"version-history":[{"count":1,"href":"https:\/\/www.egemtv.com\/index.php?rest_route=\/wp\/v2\/posts\/30333\/revisions"}],"predecessor-version":[{"id":30335,"href":"https:\/\/www.egemtv.com\/index.php?rest_route=\/wp\/v2\/posts\/30333\/revisions\/30335"}],"wp:featuredmedia":[{"embeddable":true,"href":"https:\/\/www.egemtv.com\/index.php?rest_route=\/wp\/v2\/media\/30334"}],"wp:attachment":[{"href":"https:\/\/www.egemtv.com\/index.php?rest_route=%2Fwp%2Fv2%2Fmedia&parent=30333"}],"wp:term":[{"taxonomy":"category","embeddable":true,"href":"https:\/\/www.egemtv.com\/index.php?rest_route=%2Fwp%2Fv2%2Fcategories&post=30333"},{"taxonomy":"post_tag","embeddable":true,"href":"https:\/\/www.egemtv.com\/index.php?rest_route=%2Fwp%2Fv2%2Ftags&post=30333"}],"curies":[{"name":"wp","href":"https:\/\/api.w.org\/{rel}","templated":true}]}}