{"id":30330,"date":"2025-05-21T10:16:25","date_gmt":"2025-05-21T07:16:25","guid":{"rendered":"https:\/\/www.egemtv.com\/?p=30330"},"modified":"2025-05-21T10:16:27","modified_gmt":"2025-05-21T07:16:27","slug":"salihli-hentbol-milli-takimina-2-sporcu-gonderdi","status":"publish","type":"post","link":"https:\/\/www.egemtv.com\/?p=30330","title":{"rendered":"Salihli, Hentbol Milli Tak\u0131m\u0131na 2 sporcu g\u00f6nderdi"},"content":{"rendered":"<p>Manisa\u2019n\u0131n Salihli il\u00e7esindeki 1922 Salihli Gen\u00e7lik Spor Kul\u00fcb\u00fc sporcular\u0131 Hazar Serbest ve Muammer \u00c7er\u00e7i, U16 Milli Plaj Hentbol Tak\u0131m\u0131n\u0131n \u0130zmir\u2019de d\u00fczenlenecek kamp\u0131na davet edildi.<br \/>\n<br \/>Salihli\u2019den 2 oyuncunun milli tak\u0131m kamp\u0131na davet edilmesinden b\u00fcy\u00fck gurur duyduklar\u0131n\u0131 belirten \u0130l\u00e7e Gen\u00e7lik ve Spor M\u00fcd\u00fcr\u00fc Oktay Ayaz, &#8220;Salihli olarak milli tak\u0131mlar\u0131m\u0131za oyuncu vermekten gurur duyuyoruz. Sporcular\u0131m\u0131z\u0131n ba\u015far\u0131s\u0131, hem kul\u00fcplerimiz, hem de Salihli i\u00e7in b\u00fcy\u00fck bir onurdur.&#8221; dedi.<br \/><\/p>\n","protected":false},"excerpt":{"rendered":"<p>Manisa\u2019n\u0131n Salihli il\u00e7esindeki 1922 Salihli Gen\u00e7lik Spor Kul\u00fcb\u00fc sporcular\u0131 Hazar Serbest ve Muammer \u00c7er\u00e7i, U16 Milli Plaj Hentbol Tak\u0131m\u0131n\u0131n \u0130zmir\u2019de d\u00fczenlenecek kamp\u0131na davet edildi. Salihli\u2019den 2 oyuncunun milli tak\u0131m kamp\u0131na davet edilmesinden b\u00fcy\u00fck gurur duyduklar\u0131n\u0131 belirten \u0130l\u00e7e Gen\u00e7lik ve Spor M\u00fcd\u00fcr\u00fc Oktay Ayaz, &#8220;Salihli olarak milli tak\u0131mlar\u0131m\u0131za oyuncu vermekten gurur duyuyoruz. Sporcular\u0131m\u0131z\u0131n ba\u015far\u0131s\u0131, hem kul\u00fcplerimiz,&#8230;<\/p>\n","protected":false},"author":1,"featured_media":30331,"comment_status":"open","ping_status":"open","sticky":false,"template":"","format":"standard","meta":{"_crdt_document":"","footnotes":""},"categories":[4],"tags":[],"class_list":["post-30330","post","type-post","status-publish","format-standard","has-post-thumbnail","hentry","category-spor"],"_links":{"self":[{"href":"https:\/\/www.egemtv.com\/index.php?rest_route=\/wp\/v2\/posts\/30330","targetHints":{"allow":["GET"]}}],"collection":[{"href":"https:\/\/www.egemtv.com\/index.php?rest_route=\/wp\/v2\/posts"}],"about":[{"href":"https:\/\/www.egemtv.com\/index.php?rest_route=\/wp\/v2\/types\/post"}],"author":[{"embeddable":true,"href":"https:\/\/www.egemtv.com\/index.php?rest_route=\/wp\/v2\/users\/1"}],"replies":[{"embeddable":true,"href":"https:\/\/www.egemtv.com\/index.php?rest_route=%2Fwp%2Fv2%2Fcomments&post=30330"}],"version-history":[{"count":1,"href":"https:\/\/www.egemtv.com\/index.php?rest_route=\/wp\/v2\/posts\/30330\/revisions"}],"predecessor-version":[{"id":30332,"href":"https:\/\/www.egemtv.com\/index.php?rest_route=\/wp\/v2\/posts\/30330\/revisions\/30332"}],"wp:featuredmedia":[{"embeddable":true,"href":"https:\/\/www.egemtv.com\/index.php?rest_route=\/wp\/v2\/media\/30331"}],"wp:attachment":[{"href":"https:\/\/www.egemtv.com\/index.php?rest_route=%2Fwp%2Fv2%2Fmedia&parent=30330"}],"wp:term":[{"taxonomy":"category","embeddable":true,"href":"https:\/\/www.egemtv.com\/index.php?rest_route=%2Fwp%2Fv2%2Fcategories&post=30330"},{"taxonomy":"post_tag","embeddable":true,"href":"https:\/\/www.egemtv.com\/index.php?rest_route=%2Fwp%2Fv2%2Ftags&post=30330"}],"curies":[{"name":"wp","href":"https:\/\/api.w.org\/{rel}","templated":true}]}}