{"id":30327,"date":"2025-05-21T10:16:19","date_gmt":"2025-05-21T07:16:19","guid":{"rendered":"https:\/\/www.egemtv.com\/?p=30327"},"modified":"2025-05-21T10:16:25","modified_gmt":"2025-05-21T07:16:25","slug":"sarigol-devlet-hastanesine-yeni-bashekim-atandi","status":"publish","type":"post","link":"https:\/\/www.egemtv.com\/?p=30327","title":{"rendered":"Sar\u0131g\u00f6l Devlet Hastanesine yeni ba\u015fhekim atand\u0131"},"content":{"rendered":"<p>Manisa\u2019n\u0131n Sar\u0131g\u00f6l il\u00e7esinde bulunan Sar\u0131g\u00f6l Devlet Hastanesine yeni ba\u015fhekim atand\u0131.<br \/>\n<br \/>2021 y\u0131l\u0131nda Sar\u0131g\u00f6l Devlet Hastanesinde 112 Acil Sa\u011fl\u0131k Hizmetleri biriminde pratisyen hekim olarak g\u00f6reve ba\u015flayan Dr. Fahrettin Bozda\u011f, ba\u015fhekimlik g\u00f6revine getirildi.<br \/>\n<br \/>Manisa\u2019n\u0131n Salihli il\u00e7esinde do\u011fan Dr. Fahrettin Bozda\u011f, 2021 y\u0131l\u0131nda \u0130zmir Katip \u00c7elebi \u00dcniversitesi T\u0131p Fak\u00fcltesinden mezun oldu. Mezuniyetinin ard\u0131ndan Sar\u0131g\u00f6l Devlet Hastanesinde pratisyen hekim olarak g\u00f6rev yapan Bozda\u011f, evli ve bir \u00e7ocuk babas\u0131.<br \/>\n<br \/>D\u00f6rt y\u0131ll\u0131k hizmet s\u00fcresinin ard\u0131ndan ba\u015fhekimlik g\u00f6revine atanan Dr. Fahrettin Bozda\u011f, &#8220;\u0130l\u00e7emiz devlet hastanesinin halk\u0131m\u0131za daha kaliteli sa\u011fl\u0131k hizmeti sunabilmesi i\u00e7in t\u00fcm personelimizle birlikte \u00e7al\u0131\u015faca\u011f\u0131z. Hastanemizde mevcut eksikliklerin giderilmesi i\u00e7in de gerekli \u00e7al\u0131\u015fmalar\u0131 yapaca\u011f\u0131m.&#8221; ifadelerini kulland\u0131.<br \/><\/p>\n","protected":false},"excerpt":{"rendered":"<p>Manisa\u2019n\u0131n Sar\u0131g\u00f6l il\u00e7esinde bulunan Sar\u0131g\u00f6l Devlet Hastanesine yeni ba\u015fhekim atand\u0131. 2021 y\u0131l\u0131nda Sar\u0131g\u00f6l Devlet Hastanesinde 112 Acil Sa\u011fl\u0131k Hizmetleri biriminde pratisyen hekim olarak g\u00f6reve ba\u015flayan Dr. Fahrettin Bozda\u011f, ba\u015fhekimlik g\u00f6revine getirildi. Manisa\u2019n\u0131n Salihli il\u00e7esinde do\u011fan Dr. Fahrettin Bozda\u011f, 2021 y\u0131l\u0131nda \u0130zmir Katip \u00c7elebi \u00dcniversitesi T\u0131p Fak\u00fcltesinden mezun oldu. Mezuniyetinin ard\u0131ndan Sar\u0131g\u00f6l Devlet Hastanesinde pratisyen hekim&#8230;<\/p>\n","protected":false},"author":1,"featured_media":30328,"comment_status":"open","ping_status":"open","sticky":false,"template":"","format":"standard","meta":{"_crdt_document":"","footnotes":""},"categories":[2],"tags":[],"class_list":["post-30327","post","type-post","status-publish","format-standard","has-post-thumbnail","hentry","category-saglik"],"_links":{"self":[{"href":"https:\/\/www.egemtv.com\/index.php?rest_route=\/wp\/v2\/posts\/30327","targetHints":{"allow":["GET"]}}],"collection":[{"href":"https:\/\/www.egemtv.com\/index.php?rest_route=\/wp\/v2\/posts"}],"about":[{"href":"https:\/\/www.egemtv.com\/index.php?rest_route=\/wp\/v2\/types\/post"}],"author":[{"embeddable":true,"href":"https:\/\/www.egemtv.com\/index.php?rest_route=\/wp\/v2\/users\/1"}],"replies":[{"embeddable":true,"href":"https:\/\/www.egemtv.com\/index.php?rest_route=%2Fwp%2Fv2%2Fcomments&post=30327"}],"version-history":[{"count":1,"href":"https:\/\/www.egemtv.com\/index.php?rest_route=\/wp\/v2\/posts\/30327\/revisions"}],"predecessor-version":[{"id":30329,"href":"https:\/\/www.egemtv.com\/index.php?rest_route=\/wp\/v2\/posts\/30327\/revisions\/30329"}],"wp:featuredmedia":[{"embeddable":true,"href":"https:\/\/www.egemtv.com\/index.php?rest_route=\/wp\/v2\/media\/30328"}],"wp:attachment":[{"href":"https:\/\/www.egemtv.com\/index.php?rest_route=%2Fwp%2Fv2%2Fmedia&parent=30327"}],"wp:term":[{"taxonomy":"category","embeddable":true,"href":"https:\/\/www.egemtv.com\/index.php?rest_route=%2Fwp%2Fv2%2Fcategories&post=30327"},{"taxonomy":"post_tag","embeddable":true,"href":"https:\/\/www.egemtv.com\/index.php?rest_route=%2Fwp%2Fv2%2Ftags&post=30327"}],"curies":[{"name":"wp","href":"https:\/\/api.w.org\/{rel}","templated":true}]}}