{"id":30324,"date":"2025-05-21T10:16:15","date_gmt":"2025-05-21T07:16:15","guid":{"rendered":"https:\/\/www.egemtv.com\/?p=30324"},"modified":"2025-05-21T10:16:19","modified_gmt":"2025-05-21T07:16:19","slug":"kutahyada-ozel-halk-otobusu-ile-elektrikli-bisiklet-carpisti-3-yarali","status":"publish","type":"post","link":"https:\/\/www.egemtv.com\/?p=30324","title":{"rendered":"K\u00fctahya\u2019da \u00f6zel halk otob\u00fcs\u00fc ile elektrikli bisiklet \u00e7arp\u0131\u015ft\u0131:  3 yaral\u0131"},"content":{"rendered":"<p>K\u00fctahya\u2019da \u00f6zel halk otob\u00fcs\u00fc ile elektrikli bisikletin \u00e7arp\u0131\u015fmas\u0131 sonucu meydana gelen trafik kazas\u0131nda 3 ki\u015fi yaraland\u0131.<br \/>\n<br \/>Edinilen bilgiye g\u00f6re, Nurettin \u015een y\u00f6netimindeki 43 H 0273 plakal\u0131 \u00f6zel halk otob\u00fcs\u00fc ile Hilmi K\u0131zmaz y\u00f6netimindeki elektrikli bisiklet Pa\u015fam Sultan Mahallesi H\u00fcrriyet Caddesinde \u00e7arp\u0131\u015ft\u0131. Kazada \u00f6zel halk otob\u00fcs\u00fc \u015fof\u00f6r\u00fc Nurettin \u015een, otob\u00fcste yolcu olarak bulunan Nazife Ravza Benli ile Mustafa Pamuk yaraland\u0131. Yaral\u0131lar ihbar \u00fczerine olay yerine gelen 112 Acil Servis Ekipleri taraf\u0131ndan \u015eehir Hastanesine sevk edilerek tedavi alt\u0131na al\u0131nd\u0131.<br \/>\n<br \/>Kazayla ilgili soru\u015fturma s\u00fcr\u00fcyor.<br \/><\/p>\n","protected":false},"excerpt":{"rendered":"<p>K\u00fctahya\u2019da \u00f6zel halk otob\u00fcs\u00fc ile elektrikli bisikletin \u00e7arp\u0131\u015fmas\u0131 sonucu meydana gelen trafik kazas\u0131nda 3 ki\u015fi yaraland\u0131. Edinilen bilgiye g\u00f6re, Nurettin \u015een y\u00f6netimindeki 43 H 0273 plakal\u0131 \u00f6zel halk otob\u00fcs\u00fc ile Hilmi K\u0131zmaz y\u00f6netimindeki elektrikli bisiklet Pa\u015fam Sultan Mahallesi H\u00fcrriyet Caddesinde \u00e7arp\u0131\u015ft\u0131. Kazada \u00f6zel halk otob\u00fcs\u00fc \u015fof\u00f6r\u00fc Nurettin \u015een, otob\u00fcste yolcu olarak bulunan Nazife Ravza Benli&#8230;<\/p>\n","protected":false},"author":1,"featured_media":30325,"comment_status":"open","ping_status":"open","sticky":false,"template":"","format":"standard","meta":{"_crdt_document":"","footnotes":""},"categories":[5],"tags":[],"class_list":["post-30324","post","type-post","status-publish","format-standard","has-post-thumbnail","hentry","category-asayis"],"_links":{"self":[{"href":"https:\/\/www.egemtv.com\/index.php?rest_route=\/wp\/v2\/posts\/30324","targetHints":{"allow":["GET"]}}],"collection":[{"href":"https:\/\/www.egemtv.com\/index.php?rest_route=\/wp\/v2\/posts"}],"about":[{"href":"https:\/\/www.egemtv.com\/index.php?rest_route=\/wp\/v2\/types\/post"}],"author":[{"embeddable":true,"href":"https:\/\/www.egemtv.com\/index.php?rest_route=\/wp\/v2\/users\/1"}],"replies":[{"embeddable":true,"href":"https:\/\/www.egemtv.com\/index.php?rest_route=%2Fwp%2Fv2%2Fcomments&post=30324"}],"version-history":[{"count":1,"href":"https:\/\/www.egemtv.com\/index.php?rest_route=\/wp\/v2\/posts\/30324\/revisions"}],"predecessor-version":[{"id":30326,"href":"https:\/\/www.egemtv.com\/index.php?rest_route=\/wp\/v2\/posts\/30324\/revisions\/30326"}],"wp:featuredmedia":[{"embeddable":true,"href":"https:\/\/www.egemtv.com\/index.php?rest_route=\/wp\/v2\/media\/30325"}],"wp:attachment":[{"href":"https:\/\/www.egemtv.com\/index.php?rest_route=%2Fwp%2Fv2%2Fmedia&parent=30324"}],"wp:term":[{"taxonomy":"category","embeddable":true,"href":"https:\/\/www.egemtv.com\/index.php?rest_route=%2Fwp%2Fv2%2Fcategories&post=30324"},{"taxonomy":"post_tag","embeddable":true,"href":"https:\/\/www.egemtv.com\/index.php?rest_route=%2Fwp%2Fv2%2Ftags&post=30324"}],"curies":[{"name":"wp","href":"https:\/\/api.w.org\/{rel}","templated":true}]}}