{"id":30321,"date":"2025-05-21T09:56:25","date_gmt":"2025-05-21T06:56:25","guid":{"rendered":"https:\/\/www.egemtv.com\/?p=30321"},"modified":"2025-05-21T09:56:31","modified_gmt":"2025-05-21T06:56:31","slug":"bir-kitap-bir-insan-projesi-kapsaminda-ogrencilerin-degerli-eserleri-odullendirildi","status":"publish","type":"post","link":"https:\/\/www.egemtv.com\/?p=30321","title":{"rendered":"&#8220;Bir Kitap Bir \u0130nsan&#8221; projesi kapsam\u0131nda \u00f6\u011frencilerin de\u011ferli eserleri \u00f6d\u00fcllendirildi"},"content":{"rendered":"<p>Mu\u011fla Valili\u011fi himayesinde, \u0130l Mill\u00ee E\u011fitim M\u00fcd\u00fcrl\u00fc\u011f\u00fc taraf\u0131ndan y\u00fcr\u00fct\u00fclen &#8220;Bir Kitap Bir \u0130nsan&#8221; projesi kapsam\u0131nda Mart ay\u0131nda d\u00fczenlenen &#8220;De\u011ferlerimin I\u015f\u0131\u011f\u0131nda Eserlerim&#8221; yar\u0131\u015fmas\u0131nda dereceye giren \u00f6\u011frenciler, \u00f6d\u00fcllerine kavu\u015ftu.<\/p>\n<p>Yar\u0131\u015fma sonucunda ba\u015far\u0131l\u0131 bulunan \u00f6\u011frencilere \u00f6d\u00fclleri, Mu\u011fla \u0130l Mill\u00ee E\u011fitim M\u00fcd\u00fcr\u00fc Emre \u00c7ay taraf\u0131ndan takdim edildi. \u00d6\u011frencilerin hem edebi hem de sanatsal bak\u0131\u015f a\u00e7\u0131lar\u0131n\u0131 ortaya koyduklar\u0131 yar\u0131\u015fma, \u00fc\u00e7 farkl\u0131 e\u011fitim kademesinde farkl\u0131 temalarla ger\u00e7ekle\u015ftirildi. \u0130lkokullarda, &#8220;De\u011ferlerimi Resmediyorum &#8220;Ortaokullarda, &#8220;De\u011ferlerim Dizelerimde&#8221; Liselerde, &#8220;De\u011ferlerim Kalemimde&#8221; temalar \u00e7er\u00e7evesinde \u00f6\u011frenciler, milli ve manevi de\u011ferleri sanatla bulu\u015fturarak \u00f6zg\u00fcn ve anlaml\u0131 eserler ortaya \u00e7\u0131kard\u0131.<\/p>\n<p>&#8220;Eserler \u00f6\u011frencilerimizin i\u00e7 d\u00fcnyalar\u0131n\u0131 yans\u0131t\u0131yor&#8221;<br \/>\n<br \/>\u0130l M\u00fcd\u00fcr\u00fc Emre \u00c7ay, yar\u0131\u015fmada dereceye giren \u00f6\u011frencilerin eserlerini b\u00fcy\u00fck bir ilgiyle inceledi. \u00d6\u011frencilerden, eserlerini kaleme al\u0131rken ya da \u00e7izerken neler hissettiklerini dinleyen \u00c7ay, t\u00fcm kat\u0131l\u0131mc\u0131lara ba\u015far\u0131lar\u0131n\u0131n devam\u0131n\u0131 dileyerek \u015funlar\u0131 s\u00f6yledi: &#8220;Bu yar\u0131\u015fma sayesinde \u00e7ocuklar\u0131m\u0131z\u0131n ve gen\u00e7lerimizin de\u011ferlerimizi nas\u0131l benimsediklerini g\u00f6rmekten b\u00fcy\u00fck mutluluk duyduk. Her bir eser; sevgi, sayg\u0131, yard\u0131mseverlik, vefa ve adalet gibi de\u011ferlerin y\u00fcreklerde nas\u0131l yer buldu\u011funu g\u00f6steriyor&#8221;<\/p>\n<p>Yar\u0131\u015fma, \u00f6\u011frencilerin hayal g\u00fcc\u00fcn\u00fc ve de\u011ferler d\u00fcnyas\u0131n\u0131 ortaya koymalar\u0131na imkan sa\u011flarken; ayn\u0131 zamanda de\u011fer temelli e\u011fitime katk\u0131 sunmay\u0131 ama\u00e7lad\u0131.<br \/><\/p>\n","protected":false},"excerpt":{"rendered":"<p>Mu\u011fla Valili\u011fi himayesinde, \u0130l Mill\u00ee E\u011fitim M\u00fcd\u00fcrl\u00fc\u011f\u00fc taraf\u0131ndan y\u00fcr\u00fct\u00fclen &#8220;Bir Kitap Bir \u0130nsan&#8221; projesi kapsam\u0131nda Mart ay\u0131nda d\u00fczenlenen &#8220;De\u011ferlerimin I\u015f\u0131\u011f\u0131nda Eserlerim&#8221; yar\u0131\u015fmas\u0131nda dereceye giren \u00f6\u011frenciler, \u00f6d\u00fcllerine kavu\u015ftu. Yar\u0131\u015fma sonucunda ba\u015far\u0131l\u0131 bulunan \u00f6\u011frencilere \u00f6d\u00fclleri, Mu\u011fla \u0130l Mill\u00ee E\u011fitim M\u00fcd\u00fcr\u00fc Emre \u00c7ay taraf\u0131ndan takdim edildi. \u00d6\u011frencilerin hem edebi hem de sanatsal bak\u0131\u015f a\u00e7\u0131lar\u0131n\u0131 ortaya koyduklar\u0131 yar\u0131\u015fma, \u00fc\u00e7&#8230;<\/p>\n","protected":false},"author":1,"featured_media":30322,"comment_status":"open","ping_status":"open","sticky":false,"template":"","format":"standard","meta":{"_crdt_document":"","footnotes":""},"categories":[1],"tags":[],"class_list":["post-30321","post","type-post","status-publish","format-standard","has-post-thumbnail","hentry","category-guncel"],"_links":{"self":[{"href":"https:\/\/www.egemtv.com\/index.php?rest_route=\/wp\/v2\/posts\/30321","targetHints":{"allow":["GET"]}}],"collection":[{"href":"https:\/\/www.egemtv.com\/index.php?rest_route=\/wp\/v2\/posts"}],"about":[{"href":"https:\/\/www.egemtv.com\/index.php?rest_route=\/wp\/v2\/types\/post"}],"author":[{"embeddable":true,"href":"https:\/\/www.egemtv.com\/index.php?rest_route=\/wp\/v2\/users\/1"}],"replies":[{"embeddable":true,"href":"https:\/\/www.egemtv.com\/index.php?rest_route=%2Fwp%2Fv2%2Fcomments&post=30321"}],"version-history":[{"count":1,"href":"https:\/\/www.egemtv.com\/index.php?rest_route=\/wp\/v2\/posts\/30321\/revisions"}],"predecessor-version":[{"id":30323,"href":"https:\/\/www.egemtv.com\/index.php?rest_route=\/wp\/v2\/posts\/30321\/revisions\/30323"}],"wp:featuredmedia":[{"embeddable":true,"href":"https:\/\/www.egemtv.com\/index.php?rest_route=\/wp\/v2\/media\/30322"}],"wp:attachment":[{"href":"https:\/\/www.egemtv.com\/index.php?rest_route=%2Fwp%2Fv2%2Fmedia&parent=30321"}],"wp:term":[{"taxonomy":"category","embeddable":true,"href":"https:\/\/www.egemtv.com\/index.php?rest_route=%2Fwp%2Fv2%2Fcategories&post=30321"},{"taxonomy":"post_tag","embeddable":true,"href":"https:\/\/www.egemtv.com\/index.php?rest_route=%2Fwp%2Fv2%2Ftags&post=30321"}],"curies":[{"name":"wp","href":"https:\/\/api.w.org\/{rel}","templated":true}]}}