{"id":30312,"date":"2025-05-21T09:37:01","date_gmt":"2025-05-21T06:37:01","guid":{"rendered":"https:\/\/www.egemtv.com\/?p=30312"},"modified":"2025-05-21T09:37:06","modified_gmt":"2025-05-21T06:37:06","slug":"kutahyada-hayvansal-gubre-deposu-yapimi-icin-hak-sahipleriyle-sozlesme-imzalandi","status":"publish","type":"post","link":"https:\/\/www.egemtv.com\/?p=30312","title":{"rendered":"K\u00fctahya\u2019da hayvansal g\u00fcbre deposu yap\u0131m\u0131 i\u00e7in hak sahipleriyle s\u00f6zle\u015fme imzaland\u0131"},"content":{"rendered":"<p>K\u00fctahya \u0130l Tar\u0131m ve Orman M\u00fcd\u00fcrl\u00fc\u011f\u00fcnce T\u00fcrkiye \u0130klim Ak\u0131ll\u0131 ve Rekabet\u00e7i Tar\u0131msal B\u00fcy\u00fcme Projesi (TUCSAP) \u00e7er\u00e7evesinde, hayvansal g\u00fcbre deposu yap\u0131m\u0131 i\u00e7in ba\u015fvurusu kabul edilen hak sahipleriyle s\u00f6zle\u015fmelerin imzaland\u0131\u011f\u0131 bildirildi.<br \/>\n<br \/>Tar\u0131m ve Orman Bakanl\u0131\u011f\u0131 taraf\u0131ndan y\u00fcr\u00fct\u00fclen T\u00fcrkiye \u0130klim Ak\u0131ll\u0131 ve Rekabet\u00e7i Tar\u0131msal B\u00fcy\u00fcme Projesinin &#8220;Su kirlili\u011fi ve sera gaz\u0131 emisyonlar\u0131 \u00fczerindeki hayvansal \u00fcretimden kaynaklanan bask\u0131lar\u0131n azalt\u0131lmas\u0131&#8221; amac\u0131yla tar\u0131m ve hayvanc\u0131l\u0131\u011f\u0131n yo\u011fun oldu\u011fu b\u00f6lgelerde tamam\u0131 D\u00fcnya Bankas\u0131 taraf\u0131ndan kar\u015f\u0131lanmak \u00fczere \u00f6rnek hayvansal g\u00fcbre deposu yap\u0131m\u0131 i\u00e7in ba\u015fvurusu kabul edilen hak sahipleriyle \u0130l Tar\u0131m ve Orman M\u00fcd\u00fcrl\u00fc\u011f\u00fc aras\u0131nda ger\u00e7ekle\u015fen imza t\u00f6reniyle s\u00f6zle\u015fmeler imzaland\u0131.<br \/><\/p>\n","protected":false},"excerpt":{"rendered":"<p>K\u00fctahya \u0130l Tar\u0131m ve Orman M\u00fcd\u00fcrl\u00fc\u011f\u00fcnce T\u00fcrkiye \u0130klim Ak\u0131ll\u0131 ve Rekabet\u00e7i Tar\u0131msal B\u00fcy\u00fcme Projesi (TUCSAP) \u00e7er\u00e7evesinde, hayvansal g\u00fcbre deposu yap\u0131m\u0131 i\u00e7in ba\u015fvurusu kabul edilen hak sahipleriyle s\u00f6zle\u015fmelerin imzaland\u0131\u011f\u0131 bildirildi. Tar\u0131m ve Orman Bakanl\u0131\u011f\u0131 taraf\u0131ndan y\u00fcr\u00fct\u00fclen T\u00fcrkiye \u0130klim Ak\u0131ll\u0131 ve Rekabet\u00e7i Tar\u0131msal B\u00fcy\u00fcme Projesinin &#8220;Su kirlili\u011fi ve sera gaz\u0131 emisyonlar\u0131 \u00fczerindeki hayvansal \u00fcretimden kaynaklanan bask\u0131lar\u0131n azalt\u0131lmas\u0131&#8221;&#8230;<\/p>\n","protected":false},"author":1,"featured_media":30313,"comment_status":"open","ping_status":"open","sticky":false,"template":"","format":"standard","meta":{"_crdt_document":"","footnotes":""},"categories":[125],"tags":[],"class_list":["post-30312","post","type-post","status-publish","format-standard","has-post-thumbnail","hentry","category-ekonomi"],"_links":{"self":[{"href":"https:\/\/www.egemtv.com\/index.php?rest_route=\/wp\/v2\/posts\/30312","targetHints":{"allow":["GET"]}}],"collection":[{"href":"https:\/\/www.egemtv.com\/index.php?rest_route=\/wp\/v2\/posts"}],"about":[{"href":"https:\/\/www.egemtv.com\/index.php?rest_route=\/wp\/v2\/types\/post"}],"author":[{"embeddable":true,"href":"https:\/\/www.egemtv.com\/index.php?rest_route=\/wp\/v2\/users\/1"}],"replies":[{"embeddable":true,"href":"https:\/\/www.egemtv.com\/index.php?rest_route=%2Fwp%2Fv2%2Fcomments&post=30312"}],"version-history":[{"count":1,"href":"https:\/\/www.egemtv.com\/index.php?rest_route=\/wp\/v2\/posts\/30312\/revisions"}],"predecessor-version":[{"id":30314,"href":"https:\/\/www.egemtv.com\/index.php?rest_route=\/wp\/v2\/posts\/30312\/revisions\/30314"}],"wp:featuredmedia":[{"embeddable":true,"href":"https:\/\/www.egemtv.com\/index.php?rest_route=\/wp\/v2\/media\/30313"}],"wp:attachment":[{"href":"https:\/\/www.egemtv.com\/index.php?rest_route=%2Fwp%2Fv2%2Fmedia&parent=30312"}],"wp:term":[{"taxonomy":"category","embeddable":true,"href":"https:\/\/www.egemtv.com\/index.php?rest_route=%2Fwp%2Fv2%2Fcategories&post=30312"},{"taxonomy":"post_tag","embeddable":true,"href":"https:\/\/www.egemtv.com\/index.php?rest_route=%2Fwp%2Fv2%2Ftags&post=30312"}],"curies":[{"name":"wp","href":"https:\/\/api.w.org\/{rel}","templated":true}]}}