{"id":30309,"date":"2025-05-21T09:36:56","date_gmt":"2025-05-21T06:36:56","guid":{"rendered":"https:\/\/www.egemtv.com\/?p=30309"},"modified":"2025-05-21T09:37:01","modified_gmt":"2025-05-21T06:37:01","slug":"kutahyada-geleneksel-cocuk-oyunlari-ve-ilkokul-fiziksel-yeterlilik-oyunlari-yarismalari-basladi","status":"publish","type":"post","link":"https:\/\/www.egemtv.com\/?p=30309","title":{"rendered":"K\u00fctahya\u2019da &#8220;Geleneksel \u00c7ocuk Oyunlar\u0131 ve \u0130lkokul Fiziksel Yeterlilik Oyunlar\u0131&#8221; yar\u0131\u015fmalar\u0131 ba\u015flad\u0131"},"content":{"rendered":"<p>K\u00fctahya\u2019da \u00e7ocuklar\u0131 dijital ba\u011f\u0131ml\u0131l\u0131ktan uzakla\u015ft\u0131rmak, geleneksel k\u00fclt\u00fcrle bulu\u015fturmak ve spora te\u015fvik etmek amac\u0131yla d\u00fczenlenen &#8220;Geleneksel \u00c7ocuk Oyunlar\u0131 ve \u0130lkokul Fiziksel Yeterlilik Oyunlar\u0131&#8221; yar\u0131\u015fmalar\u0131n\u0131n b\u00fcy\u00fck bir co\u015fkuyla ba\u015flad\u0131\u011f\u0131 bildirildi.<br \/>\n<br \/>\u0130l Milli E\u011fitim M\u00fcd\u00fcrl\u00fc\u011f\u00fc ile Gen\u00e7lik ve Spor \u0130l M\u00fcd\u00fcrl\u00fc\u011f\u00fc i\u015f birli\u011finde y\u00fcr\u00fct\u00fclen etkinlikler, Ali G\u00fcral Spor Lisesi ev sahipli\u011finde ger\u00e7ekle\u015ftiriliyor. Yakla\u015f\u0131k 70 okuldan \u00f6\u011frencinin kat\u0131l\u0131m sa\u011flad\u0131\u011f\u0131 yar\u0131\u015fmalar \u00e7er\u00e7evesinde mendil kapmaca ba\u015fta olmak \u00fczere birbirinden renkli ve e\u011flenceli geleneksel oyunlar oynan\u0131yor. \u0130ki hafta boyunca devam edecek etkinliklerde \u00e7ocuklar hem e\u011flenecek hem de k\u00fclt\u00fcrel mirasla bulu\u015facak.<br \/>\n<br \/>Etkinli\u011fin a\u00e7\u0131l\u0131\u015f\u0131na \u0130l Milli E\u011fitim M\u00fcd\u00fcr\u00fc Mustafa Y\u0131lmaz, Gen\u00e7lik ve Spor \u0130l M\u00fcd\u00fcr\u00fc B\u00fclent K\u00fc\u00e7\u00fck, \u015fube m\u00fcd\u00fcrleri, \u00f6\u011fretmenler ve \u00f6\u011frenciler kat\u0131ld\u0131. Yar\u0131\u015fmalar \u00f6ncesinde \u00f6\u011frencilerle bir araya gelen M\u00fcd\u00fcr Mustafa Y\u0131lmaz, \u00e7ocuklarla sohbet ederek ba\u015far\u0131 dileklerini iletti.<br \/>\n<br \/>Programda konu\u015fan \u0130l Milli E\u011fitim M\u00fcd\u00fcr\u00fc Mustafa Y\u0131lmaz, \u00e7ocuklar\u0131n sanat, m\u00fczik, spor ve tiyatro gibi alanlarla me\u015fgul edilmesinin \u00f6nemine de\u011finerek, &#8220;\u00c7ocuklar\u0131m\u0131z\u0131 dijital ba\u011f\u0131ml\u0131l\u0131\u011f\u0131n zararlar\u0131ndan koruman\u0131n yolu, onlar\u0131 aktif ve k\u00fclt\u00fcrel etkinliklerin i\u00e7erisine \u00e7ekmektir. Geleneksel \u00e7ocuk oyunlar\u0131m\u0131z sadece bir e\u011flence arac\u0131 de\u011fil, ayn\u0131 zamanda k\u00f6kl\u00fc bir k\u00fclt\u00fcrel aktar\u0131m arac\u0131d\u0131r&#8221; ifadelerini kulland\u0131. M\u00fcd\u00fcr Mustafa Y\u0131lmaz, T\u00fcrkiye Y\u00fczy\u0131l\u0131n\u0131n mimarlar\u0131n\u0131n bu t\u00fcr etkinliklerle yeti\u015fece\u011fini vurgulad\u0131.<br \/>\n<br \/>Yapt\u0131\u011f\u0131 konu\u015fmada kurumlar aras\u0131 dayan\u0131\u015fman\u0131n \u00f6nemine dikkat \u00e7eken Gen\u00e7lik ve Spor \u0130l M\u00fcd\u00fcr\u00fc B\u00fclent K\u00fc\u00e7\u00fck, &#8220;Ata sporumuz, ge\u00e7mi\u015fimizin oyunlar\u0131n\u0131 \u00e7ocuklar\u0131m\u0131zla oynat\u0131yoruz. \u0130l genelinde ilkokul ve ortaokullardan yakla\u015f\u0131k yetmi\u015f okulumuz etkinliklere kat\u0131l\u0131yor. \u0130l Milli E\u011fitim M\u00fcd\u00fcrl\u00fc\u011f\u00fcm\u00fcz ile y\u00fcr\u00fctt\u00fc\u011f\u00fcm\u00fcz bu g\u00fc\u00e7l\u00fc i\u015f birli\u011fiyle \u00e7ocuklar\u0131m\u0131z\u0131 k\u00fclt\u00fcr\u00fcm\u00fczle ve sporla bulu\u015fturuyoruz. Biz ayn\u0131 elman\u0131n iki yar\u0131s\u0131y\u0131z&#8221; dedi.<br \/>\n<br \/>Ali G\u00fcral Spor Lisesi\u2019nde ger\u00e7ekle\u015ftirilen bu anlaml\u0131 etkinlikte \u00e7ocuklar hem e\u011flendi, hem de ge\u00e7mi\u015ften bug\u00fcne uzanan geleneksel oyunlarla k\u00fclt\u00fcrel ba\u011flar\u0131n\u0131 g\u00fc\u00e7lendirdi. Etkinlikler iki hafta boyunca devam edecek.<br \/><\/p>\n","protected":false},"excerpt":{"rendered":"<p>K\u00fctahya\u2019da \u00e7ocuklar\u0131 dijital ba\u011f\u0131ml\u0131l\u0131ktan uzakla\u015ft\u0131rmak, geleneksel k\u00fclt\u00fcrle bulu\u015fturmak ve spora te\u015fvik etmek amac\u0131yla d\u00fczenlenen &#8220;Geleneksel \u00c7ocuk Oyunlar\u0131 ve \u0130lkokul Fiziksel Yeterlilik Oyunlar\u0131&#8221; yar\u0131\u015fmalar\u0131n\u0131n b\u00fcy\u00fck bir co\u015fkuyla ba\u015flad\u0131\u011f\u0131 bildirildi. \u0130l Milli E\u011fitim M\u00fcd\u00fcrl\u00fc\u011f\u00fc ile Gen\u00e7lik ve Spor \u0130l M\u00fcd\u00fcrl\u00fc\u011f\u00fc i\u015f birli\u011finde y\u00fcr\u00fct\u00fclen etkinlikler, Ali G\u00fcral Spor Lisesi ev sahipli\u011finde ger\u00e7ekle\u015ftiriliyor. Yakla\u015f\u0131k 70 okuldan \u00f6\u011frencinin kat\u0131l\u0131m sa\u011flad\u0131\u011f\u0131&#8230;<\/p>\n","protected":false},"author":1,"featured_media":30310,"comment_status":"open","ping_status":"open","sticky":false,"template":"","format":"standard","meta":{"_crdt_document":"","footnotes":""},"categories":[1],"tags":[],"class_list":["post-30309","post","type-post","status-publish","format-standard","has-post-thumbnail","hentry","category-guncel"],"_links":{"self":[{"href":"https:\/\/www.egemtv.com\/index.php?rest_route=\/wp\/v2\/posts\/30309","targetHints":{"allow":["GET"]}}],"collection":[{"href":"https:\/\/www.egemtv.com\/index.php?rest_route=\/wp\/v2\/posts"}],"about":[{"href":"https:\/\/www.egemtv.com\/index.php?rest_route=\/wp\/v2\/types\/post"}],"author":[{"embeddable":true,"href":"https:\/\/www.egemtv.com\/index.php?rest_route=\/wp\/v2\/users\/1"}],"replies":[{"embeddable":true,"href":"https:\/\/www.egemtv.com\/index.php?rest_route=%2Fwp%2Fv2%2Fcomments&post=30309"}],"version-history":[{"count":1,"href":"https:\/\/www.egemtv.com\/index.php?rest_route=\/wp\/v2\/posts\/30309\/revisions"}],"predecessor-version":[{"id":30311,"href":"https:\/\/www.egemtv.com\/index.php?rest_route=\/wp\/v2\/posts\/30309\/revisions\/30311"}],"wp:featuredmedia":[{"embeddable":true,"href":"https:\/\/www.egemtv.com\/index.php?rest_route=\/wp\/v2\/media\/30310"}],"wp:attachment":[{"href":"https:\/\/www.egemtv.com\/index.php?rest_route=%2Fwp%2Fv2%2Fmedia&parent=30309"}],"wp:term":[{"taxonomy":"category","embeddable":true,"href":"https:\/\/www.egemtv.com\/index.php?rest_route=%2Fwp%2Fv2%2Fcategories&post=30309"},{"taxonomy":"post_tag","embeddable":true,"href":"https:\/\/www.egemtv.com\/index.php?rest_route=%2Fwp%2Fv2%2Ftags&post=30309"}],"curies":[{"name":"wp","href":"https:\/\/api.w.org\/{rel}","templated":true}]}}