{"id":30306,"date":"2025-05-21T09:36:54","date_gmt":"2025-05-21T06:36:54","guid":{"rendered":"https:\/\/www.egemtv.com\/?p=30306"},"modified":"2025-05-21T09:36:56","modified_gmt":"2025-05-21T06:36:56","slug":"tuggeneral-fatih-daglidan-il-muftusu-lutfu-imamogluna-nezaket-ziyareti","status":"publish","type":"post","link":"https:\/\/www.egemtv.com\/?p=30306","title":{"rendered":"Tu\u011fgeneral Fatih Da\u011fl\u0131\u2019dan \u0130l M\u00fcft\u00fcs\u00fc L\u00fctf\u00fc \u0130mamo\u011flu\u2019na nezaket ziyareti"},"content":{"rendered":"<p>Afyonkarahisar \u0130kmal ve Garnizon Komutan\u0131 Tu\u011fgeneral Fatih Da\u011fl\u0131, \u0130l M\u00fcft\u00fcs\u00fc L\u00fctf\u00fc \u0130mamo\u011flu\u2019nu makam\u0131nda ziyaret etti.<br \/>\n<br \/>Ger\u00e7ekle\u015fen nezaket ziyaretinde kar\u015f\u0131l\u0131kl\u0131 iyi dilekler ifade edilirken, kurumlar aras\u0131 i\u015f birli\u011fi ve toplumsal de\u011ferler \u00fczerine g\u00f6r\u00fc\u015f al\u0131\u015fveri\u015finde bulunuldu. Ziyaretten duydu\u011fu memnuniyeti dile getiren \u0130l M\u00fcft\u00fcs\u00fc L\u00fctf\u00fc \u0130mamo\u011flu, Tu\u011fgeneral Da\u011fl\u0131\u2019ya te\u015fekk\u00fcr ederek, kamu kurumlar\u0131 aras\u0131ndaki bu t\u00fcr temaslar\u0131n birlik ve beraberlik a\u00e7\u0131s\u0131ndan \u00f6nemli oldu\u011funa dikkat \u00e7ekti. Samimi bir atmosferde ge\u00e7en ziyaret, hat\u0131ra foto\u011fraf\u0131 \u00e7ekimi ile sona erdi.<br \/><\/p>\n","protected":false},"excerpt":{"rendered":"<p>Afyonkarahisar \u0130kmal ve Garnizon Komutan\u0131 Tu\u011fgeneral Fatih Da\u011fl\u0131, \u0130l M\u00fcft\u00fcs\u00fc L\u00fctf\u00fc \u0130mamo\u011flu\u2019nu makam\u0131nda ziyaret etti. Ger\u00e7ekle\u015fen nezaket ziyaretinde kar\u015f\u0131l\u0131kl\u0131 iyi dilekler ifade edilirken, kurumlar aras\u0131 i\u015f birli\u011fi ve toplumsal de\u011ferler \u00fczerine g\u00f6r\u00fc\u015f al\u0131\u015fveri\u015finde bulunuldu. Ziyaretten duydu\u011fu memnuniyeti dile getiren \u0130l M\u00fcft\u00fcs\u00fc L\u00fctf\u00fc \u0130mamo\u011flu, Tu\u011fgeneral Da\u011fl\u0131\u2019ya te\u015fekk\u00fcr ederek, kamu kurumlar\u0131 aras\u0131ndaki bu t\u00fcr temaslar\u0131n birlik ve&#8230;<\/p>\n","protected":false},"author":1,"featured_media":30307,"comment_status":"open","ping_status":"open","sticky":false,"template":"","format":"standard","meta":{"_crdt_document":"","footnotes":""},"categories":[1],"tags":[],"class_list":["post-30306","post","type-post","status-publish","format-standard","has-post-thumbnail","hentry","category-guncel"],"_links":{"self":[{"href":"https:\/\/www.egemtv.com\/index.php?rest_route=\/wp\/v2\/posts\/30306","targetHints":{"allow":["GET"]}}],"collection":[{"href":"https:\/\/www.egemtv.com\/index.php?rest_route=\/wp\/v2\/posts"}],"about":[{"href":"https:\/\/www.egemtv.com\/index.php?rest_route=\/wp\/v2\/types\/post"}],"author":[{"embeddable":true,"href":"https:\/\/www.egemtv.com\/index.php?rest_route=\/wp\/v2\/users\/1"}],"replies":[{"embeddable":true,"href":"https:\/\/www.egemtv.com\/index.php?rest_route=%2Fwp%2Fv2%2Fcomments&post=30306"}],"version-history":[{"count":1,"href":"https:\/\/www.egemtv.com\/index.php?rest_route=\/wp\/v2\/posts\/30306\/revisions"}],"predecessor-version":[{"id":30308,"href":"https:\/\/www.egemtv.com\/index.php?rest_route=\/wp\/v2\/posts\/30306\/revisions\/30308"}],"wp:featuredmedia":[{"embeddable":true,"href":"https:\/\/www.egemtv.com\/index.php?rest_route=\/wp\/v2\/media\/30307"}],"wp:attachment":[{"href":"https:\/\/www.egemtv.com\/index.php?rest_route=%2Fwp%2Fv2%2Fmedia&parent=30306"}],"wp:term":[{"taxonomy":"category","embeddable":true,"href":"https:\/\/www.egemtv.com\/index.php?rest_route=%2Fwp%2Fv2%2Fcategories&post=30306"},{"taxonomy":"post_tag","embeddable":true,"href":"https:\/\/www.egemtv.com\/index.php?rest_route=%2Fwp%2Fv2%2Ftags&post=30306"}],"curies":[{"name":"wp","href":"https:\/\/api.w.org\/{rel}","templated":true}]}}