{"id":30300,"date":"2025-05-21T09:36:44","date_gmt":"2025-05-21T06:36:44","guid":{"rendered":"https:\/\/www.egemtv.com\/?p=30300"},"modified":"2025-05-21T09:36:48","modified_gmt":"2025-05-21T06:36:48","slug":"sandiklida-cop-konteyneri-dagitimi-yapildi","status":"publish","type":"post","link":"https:\/\/www.egemtv.com\/?p=30300","title":{"rendered":"Sand\u0131kl\u0131\u2019da \u00e7\u00f6p konteyneri da\u011f\u0131t\u0131m\u0131 yap\u0131ld\u0131"},"content":{"rendered":"<p>Afyonkarahisar\u2019\u0131n Sand\u0131kl\u0131 il\u00e7esinde K\u00f6ylere Hizmet G\u00f6t\u00fcrme Birli\u011fi taraf\u0131ndan temin edilen ve k\u00f6ylerin \u00f6nemli ihtiya\u00e7lar\u0131ndan biri olan \u00e7\u00f6p konteynerlerinin da\u011f\u0131t\u0131m t\u00f6reni ger\u00e7ekle\u015ftirildi.<br \/>\n<br \/>T\u00f6rene Sand\u0131kl\u0131 Kaymakam\u0131 \u00d6nder \u00c7engel\u2019in yan\u0131 s\u0131ra \u0130l Genel Meclisi \u00dcyeleri Ahmet Mahmut Sayl\u0131k, Nazif Yiyit, Ahmet Akt\u00fcrk, Ali A\u00e7\u0131kg\u00f6z ve \u0130l\u00e7e \u00d6zel \u0130dare M\u00fcd\u00fcr\u00fc Halil Arslan kat\u0131ld\u0131. \u00c7evre temizli\u011fi ve k\u00f6ylerde sa\u011fl\u0131kl\u0131 at\u0131k y\u00f6netiminin sa\u011flanmas\u0131 amac\u0131yla y\u00fcr\u00fct\u00fclen projeyle \u00e7ok say\u0131da k\u00f6ye dayan\u0131kl\u0131 ve modern \u00e7\u00f6p konteynerleri teslim edildi. Vatanda\u015flar\u0131n g\u00fcnl\u00fck ya\u015fam konforunu art\u0131racak bu ad\u0131m, k\u00f6y muhtarlar\u0131 ve vatanda\u015flar taraf\u0131ndan memnuniyetle kar\u015f\u0131land\u0131. T\u00f6rende konu\u015fan Kaymakam \u00d6nder \u00c7engel, &#8220;Sand\u0131kl\u0131\u2019daki k\u00f6ylerimizin temel ihtiya\u00e7lar\u0131na y\u00f6nelik hizmetlerimiz artarak devam edecek. Bu \u00e7al\u0131\u015fma, hem \u00e7evre sa\u011fl\u0131\u011f\u0131na katk\u0131 sunacak hem de ya\u015fam kalitesini y\u00fckseltecek. Eme\u011fi ge\u00e7en t\u00fcm payda\u015flara te\u015fekk\u00fcr ediyorum&#8221; dedi.<br \/>\n<br \/>Program, konteynerlerin k\u00f6y muhtarlar\u0131na teslim edilmesiyle sona erdi.<br \/><\/p>\n","protected":false},"excerpt":{"rendered":"<p>Afyonkarahisar\u2019\u0131n Sand\u0131kl\u0131 il\u00e7esinde K\u00f6ylere Hizmet G\u00f6t\u00fcrme Birli\u011fi taraf\u0131ndan temin edilen ve k\u00f6ylerin \u00f6nemli ihtiya\u00e7lar\u0131ndan biri olan \u00e7\u00f6p konteynerlerinin da\u011f\u0131t\u0131m t\u00f6reni ger\u00e7ekle\u015ftirildi. T\u00f6rene Sand\u0131kl\u0131 Kaymakam\u0131 \u00d6nder \u00c7engel\u2019in yan\u0131 s\u0131ra \u0130l Genel Meclisi \u00dcyeleri Ahmet Mahmut Sayl\u0131k, Nazif Yiyit, Ahmet Akt\u00fcrk, Ali A\u00e7\u0131kg\u00f6z ve \u0130l\u00e7e \u00d6zel \u0130dare M\u00fcd\u00fcr\u00fc Halil Arslan kat\u0131ld\u0131. \u00c7evre temizli\u011fi ve k\u00f6ylerde sa\u011fl\u0131kl\u0131 at\u0131k&#8230;<\/p>\n","protected":false},"author":1,"featured_media":30301,"comment_status":"open","ping_status":"open","sticky":false,"template":"","format":"standard","meta":{"_crdt_document":"","footnotes":""},"categories":[1],"tags":[],"class_list":["post-30300","post","type-post","status-publish","format-standard","has-post-thumbnail","hentry","category-guncel"],"_links":{"self":[{"href":"https:\/\/www.egemtv.com\/index.php?rest_route=\/wp\/v2\/posts\/30300","targetHints":{"allow":["GET"]}}],"collection":[{"href":"https:\/\/www.egemtv.com\/index.php?rest_route=\/wp\/v2\/posts"}],"about":[{"href":"https:\/\/www.egemtv.com\/index.php?rest_route=\/wp\/v2\/types\/post"}],"author":[{"embeddable":true,"href":"https:\/\/www.egemtv.com\/index.php?rest_route=\/wp\/v2\/users\/1"}],"replies":[{"embeddable":true,"href":"https:\/\/www.egemtv.com\/index.php?rest_route=%2Fwp%2Fv2%2Fcomments&post=30300"}],"version-history":[{"count":1,"href":"https:\/\/www.egemtv.com\/index.php?rest_route=\/wp\/v2\/posts\/30300\/revisions"}],"predecessor-version":[{"id":30302,"href":"https:\/\/www.egemtv.com\/index.php?rest_route=\/wp\/v2\/posts\/30300\/revisions\/30302"}],"wp:featuredmedia":[{"embeddable":true,"href":"https:\/\/www.egemtv.com\/index.php?rest_route=\/wp\/v2\/media\/30301"}],"wp:attachment":[{"href":"https:\/\/www.egemtv.com\/index.php?rest_route=%2Fwp%2Fv2%2Fmedia&parent=30300"}],"wp:term":[{"taxonomy":"category","embeddable":true,"href":"https:\/\/www.egemtv.com\/index.php?rest_route=%2Fwp%2Fv2%2Fcategories&post=30300"},{"taxonomy":"post_tag","embeddable":true,"href":"https:\/\/www.egemtv.com\/index.php?rest_route=%2Fwp%2Fv2%2Ftags&post=30300"}],"curies":[{"name":"wp","href":"https:\/\/api.w.org\/{rel}","templated":true}]}}