{"id":30297,"date":"2025-05-21T09:15:53","date_gmt":"2025-05-21T06:15:53","guid":{"rendered":"https:\/\/www.egemtv.com\/?p=30297"},"modified":"2025-05-21T09:15:58","modified_gmt":"2025-05-21T06:15:58","slug":"afyonkarahisarda-sivil-savunma-ve-seferberlik-denetimleri-tum-hiziyla-suruyor","status":"publish","type":"post","link":"https:\/\/www.egemtv.com\/?p=30297","title":{"rendered":"Afyonkarahisar\u2019da sivil savunma ve seferberlik denetimleri t\u00fcm h\u0131z\u0131yla s\u00fcr\u00fcyor"},"content":{"rendered":"<p>Afyonkarahisar \u0130l Sa\u011fl\u0131k M\u00fcd\u00fcrl\u00fc\u011f\u00fc\u2019ne ba\u011fl\u0131 Sivil Savunma ve Seferberlik Hizmetleri Birimi, 2025 y\u0131l\u0131 denetim faaliyetlerini kararl\u0131l\u0131kla s\u00fcrd\u00fcr\u00fcyor.<br \/>\n<br \/>\u0130l genelinde planlanan denetim program\u0131 \u00e7er\u00e7evesinde, ge\u00e7ti\u011fimiz hafta \u0130hsaniye, Haydarl\u0131, Hocalar, Sand\u0131kl\u0131, Sinanpa\u015fa ve \u015euhut il\u00e7elerinde bulunan sa\u011fl\u0131k kurum ve kurulu\u015flar\u0131nda saha denetimleri ger\u00e7ekle\u015ftirildi. Denetimlerde, kurumlar\u0131n sivil savunma planlar\u0131, seferberlik haz\u0131rl\u0131klar\u0131, acil durum organizasyonlar\u0131 ve personel e\u011fitim durumlar\u0131 detayl\u0131 \u015fekilde g\u00f6zden ge\u00e7irildi. Yetkililer, yap\u0131lan kontrollerin hem mevzuata uygunlu\u011fu sa\u011flamak hem de olas\u0131 afet ve acil durumlara haz\u0131rl\u0131k seviyesini art\u0131rmak amac\u0131yla y\u00fcr\u00fct\u00fcld\u00fc\u011f\u00fcn\u00fc belirtti.<br \/><\/p>\n","protected":false},"excerpt":{"rendered":"<p>Afyonkarahisar \u0130l Sa\u011fl\u0131k M\u00fcd\u00fcrl\u00fc\u011f\u00fc\u2019ne ba\u011fl\u0131 Sivil Savunma ve Seferberlik Hizmetleri Birimi, 2025 y\u0131l\u0131 denetim faaliyetlerini kararl\u0131l\u0131kla s\u00fcrd\u00fcr\u00fcyor. \u0130l genelinde planlanan denetim program\u0131 \u00e7er\u00e7evesinde, ge\u00e7ti\u011fimiz hafta \u0130hsaniye, Haydarl\u0131, Hocalar, Sand\u0131kl\u0131, Sinanpa\u015fa ve \u015euhut il\u00e7elerinde bulunan sa\u011fl\u0131k kurum ve kurulu\u015flar\u0131nda saha denetimleri ger\u00e7ekle\u015ftirildi. Denetimlerde, kurumlar\u0131n sivil savunma planlar\u0131, seferberlik haz\u0131rl\u0131klar\u0131, acil durum organizasyonlar\u0131 ve personel e\u011fitim durumlar\u0131&#8230;<\/p>\n","protected":false},"author":1,"featured_media":30298,"comment_status":"open","ping_status":"open","sticky":false,"template":"","format":"standard","meta":{"_crdt_document":"","footnotes":""},"categories":[2],"tags":[],"class_list":["post-30297","post","type-post","status-publish","format-standard","has-post-thumbnail","hentry","category-saglik"],"_links":{"self":[{"href":"https:\/\/www.egemtv.com\/index.php?rest_route=\/wp\/v2\/posts\/30297","targetHints":{"allow":["GET"]}}],"collection":[{"href":"https:\/\/www.egemtv.com\/index.php?rest_route=\/wp\/v2\/posts"}],"about":[{"href":"https:\/\/www.egemtv.com\/index.php?rest_route=\/wp\/v2\/types\/post"}],"author":[{"embeddable":true,"href":"https:\/\/www.egemtv.com\/index.php?rest_route=\/wp\/v2\/users\/1"}],"replies":[{"embeddable":true,"href":"https:\/\/www.egemtv.com\/index.php?rest_route=%2Fwp%2Fv2%2Fcomments&post=30297"}],"version-history":[{"count":1,"href":"https:\/\/www.egemtv.com\/index.php?rest_route=\/wp\/v2\/posts\/30297\/revisions"}],"predecessor-version":[{"id":30299,"href":"https:\/\/www.egemtv.com\/index.php?rest_route=\/wp\/v2\/posts\/30297\/revisions\/30299"}],"wp:featuredmedia":[{"embeddable":true,"href":"https:\/\/www.egemtv.com\/index.php?rest_route=\/wp\/v2\/media\/30298"}],"wp:attachment":[{"href":"https:\/\/www.egemtv.com\/index.php?rest_route=%2Fwp%2Fv2%2Fmedia&parent=30297"}],"wp:term":[{"taxonomy":"category","embeddable":true,"href":"https:\/\/www.egemtv.com\/index.php?rest_route=%2Fwp%2Fv2%2Fcategories&post=30297"},{"taxonomy":"post_tag","embeddable":true,"href":"https:\/\/www.egemtv.com\/index.php?rest_route=%2Fwp%2Fv2%2Ftags&post=30297"}],"curies":[{"name":"wp","href":"https:\/\/api.w.org\/{rel}","templated":true}]}}