{"id":30294,"date":"2025-05-20T23:55:28","date_gmt":"2025-05-20T20:55:28","guid":{"rendered":"https:\/\/www.egemtv.com\/?p=30294"},"modified":"2025-05-20T23:55:32","modified_gmt":"2025-05-20T20:55:32","slug":"baskan-gencay-kultur-ve-turizm-bakani-ersoy-ile-bir-araya-geldi","status":"publish","type":"post","link":"https:\/\/www.egemtv.com\/?p=30294","title":{"rendered":"Ba\u015fkan Gen\u00e7ay, K\u00fclt\u00fcr ve Turizm Bakan\u0131 Ersoy ile bir araya geldi"},"content":{"rendered":"<p>Didim Belediye Ba\u015fkan\u0131 Hatice Gen\u00e7ay, K\u00fclt\u00fcr ve Turizm Bakan\u0131 Mehmet Nuri Ersoy\u2019u ziyaret etti.<br \/>\n<br \/>Ziyaretle ilgili de\u011ferlendirme yapan Ba\u015fkan Gen\u00e7ay, &#8221; K\u00fclt\u00fcr ve Turizm Bakan\u0131m\u0131z Mehmet Nuri Ersoy\u2019u makam\u0131nda ziyaret ettik. Didim\u2019in sahip oldu\u011fu tarihi, k\u00fclt\u00fcrel ve do\u011fal miras\u0131n korunmas\u0131 ve turizm potansiyelinin daha da g\u00fc\u00e7lenmesi ad\u0131na verimli bir g\u00f6r\u00fc\u015fme ger\u00e7ekle\u015ftirdik. Didim i\u00e7in \u00e7al\u0131\u015fmaya, i\u015f birli\u011fiyle \u00fcretmeye devam edece\u011fiz&#8221; ifadelerine yer verdi.<br \/><\/p>\n","protected":false},"excerpt":{"rendered":"<p>Didim Belediye Ba\u015fkan\u0131 Hatice Gen\u00e7ay, K\u00fclt\u00fcr ve Turizm Bakan\u0131 Mehmet Nuri Ersoy\u2019u ziyaret etti. Ziyaretle ilgili de\u011ferlendirme yapan Ba\u015fkan Gen\u00e7ay, &#8221; K\u00fclt\u00fcr ve Turizm Bakan\u0131m\u0131z Mehmet Nuri Ersoy\u2019u makam\u0131nda ziyaret ettik. Didim\u2019in sahip oldu\u011fu tarihi, k\u00fclt\u00fcrel ve do\u011fal miras\u0131n korunmas\u0131 ve turizm potansiyelinin daha da g\u00fc\u00e7lenmesi ad\u0131na verimli bir g\u00f6r\u00fc\u015fme ger\u00e7ekle\u015ftirdik. Didim i\u00e7in \u00e7al\u0131\u015fmaya, i\u015f&#8230;<\/p>\n","protected":false},"author":1,"featured_media":30295,"comment_status":"open","ping_status":"open","sticky":false,"template":"","format":"standard","meta":{"_crdt_document":"","footnotes":""},"categories":[1],"tags":[],"class_list":["post-30294","post","type-post","status-publish","format-standard","has-post-thumbnail","hentry","category-guncel"],"_links":{"self":[{"href":"https:\/\/www.egemtv.com\/index.php?rest_route=\/wp\/v2\/posts\/30294","targetHints":{"allow":["GET"]}}],"collection":[{"href":"https:\/\/www.egemtv.com\/index.php?rest_route=\/wp\/v2\/posts"}],"about":[{"href":"https:\/\/www.egemtv.com\/index.php?rest_route=\/wp\/v2\/types\/post"}],"author":[{"embeddable":true,"href":"https:\/\/www.egemtv.com\/index.php?rest_route=\/wp\/v2\/users\/1"}],"replies":[{"embeddable":true,"href":"https:\/\/www.egemtv.com\/index.php?rest_route=%2Fwp%2Fv2%2Fcomments&post=30294"}],"version-history":[{"count":1,"href":"https:\/\/www.egemtv.com\/index.php?rest_route=\/wp\/v2\/posts\/30294\/revisions"}],"predecessor-version":[{"id":30296,"href":"https:\/\/www.egemtv.com\/index.php?rest_route=\/wp\/v2\/posts\/30294\/revisions\/30296"}],"wp:featuredmedia":[{"embeddable":true,"href":"https:\/\/www.egemtv.com\/index.php?rest_route=\/wp\/v2\/media\/30295"}],"wp:attachment":[{"href":"https:\/\/www.egemtv.com\/index.php?rest_route=%2Fwp%2Fv2%2Fmedia&parent=30294"}],"wp:term":[{"taxonomy":"category","embeddable":true,"href":"https:\/\/www.egemtv.com\/index.php?rest_route=%2Fwp%2Fv2%2Fcategories&post=30294"},{"taxonomy":"post_tag","embeddable":true,"href":"https:\/\/www.egemtv.com\/index.php?rest_route=%2Fwp%2Fv2%2Ftags&post=30294"}],"curies":[{"name":"wp","href":"https:\/\/api.w.org\/{rel}","templated":true}]}}