{"id":30291,"date":"2025-05-20T23:37:37","date_gmt":"2025-05-20T20:37:37","guid":{"rendered":"https:\/\/www.egemtv.com\/?p=30291"},"modified":"2025-05-20T23:37:41","modified_gmt":"2025-05-20T20:37:41","slug":"mugladaki-restoranda-cikan-yangin-sonduruldu","status":"publish","type":"post","link":"https:\/\/www.egemtv.com\/?p=30291","title":{"rendered":"Mu\u011fla\u2019daki restoranda \u00e7\u0131kan yang\u0131n s\u00f6nd\u00fcr\u00fcld\u00fc"},"content":{"rendered":"<p>Mu\u011fla\u2019n\u0131n Ula il\u00e7esinde bir restoran\u0131n mutfak k\u0131sm\u0131nda \u00e7\u0131kan ve biti\u015fikteki otelin sundurmas\u0131n\u0131n da zarar g\u00f6rd\u00fc\u011f\u00fc yang\u0131n itfaiye ekipleri taraf\u0131ndan s\u00f6nd\u00fcr\u00fcld\u00fc.<\/p>\n<p>Yang\u0131n Akyaka Mahallesi\u2019nde sahildeki bir restoran\u0131n mutfak k\u0131sm\u0131nda meydana geldi. \u0130lk belirlemelere g\u00f6re i\u015fletmenin elektrik aksam\u0131ndan \u00e7\u0131kan yang\u0131n restoranda etkili olurken, yandaki otelin sundurmas\u0131 da alevlere teslim oldu. Yang\u0131n ihbar\u0131 \u00fczerine b\u00f6lgeye Mu\u011fla B\u00fcy\u00fck\u015fehir Belediyesi \u0130tfaiye, jandarma ve sa\u011fl\u0131k ekipleri sevk edildi. Olay yerine gelen itfaiye ekipleri alevlere m\u00fcdahale ederek yang\u0131n\u0131 di\u011fer i\u015fletmelere s\u0131\u00e7ramadan s\u00f6nd\u00fcrd\u00fc. Yang\u0131nda restoranda b\u00fcy\u00fck \u00e7apta maddi hasar meydana gelirken, biti\u015fikteki otelin sundurmas\u0131 da zarar g\u00f6rd\u00fc.<\/p>\n<p>Yang\u0131nla ilgili soru\u015fturma s\u00fcr\u00fcyor.<br \/><\/p>\n","protected":false},"excerpt":{"rendered":"<p>Mu\u011fla\u2019n\u0131n Ula il\u00e7esinde bir restoran\u0131n mutfak k\u0131sm\u0131nda \u00e7\u0131kan ve biti\u015fikteki otelin sundurmas\u0131n\u0131n da zarar g\u00f6rd\u00fc\u011f\u00fc yang\u0131n itfaiye ekipleri taraf\u0131ndan s\u00f6nd\u00fcr\u00fcld\u00fc. Yang\u0131n Akyaka Mahallesi\u2019nde sahildeki bir restoran\u0131n mutfak k\u0131sm\u0131nda meydana geldi. \u0130lk belirlemelere g\u00f6re i\u015fletmenin elektrik aksam\u0131ndan \u00e7\u0131kan yang\u0131n restoranda etkili olurken, yandaki otelin sundurmas\u0131 da alevlere teslim oldu. Yang\u0131n ihbar\u0131 \u00fczerine b\u00f6lgeye Mu\u011fla B\u00fcy\u00fck\u015fehir Belediyesi&#8230;<\/p>\n","protected":false},"author":1,"featured_media":30292,"comment_status":"open","ping_status":"open","sticky":false,"template":"","format":"standard","meta":{"_crdt_document":"","footnotes":""},"categories":[5],"tags":[],"class_list":["post-30291","post","type-post","status-publish","format-standard","has-post-thumbnail","hentry","category-asayis"],"_links":{"self":[{"href":"https:\/\/www.egemtv.com\/index.php?rest_route=\/wp\/v2\/posts\/30291","targetHints":{"allow":["GET"]}}],"collection":[{"href":"https:\/\/www.egemtv.com\/index.php?rest_route=\/wp\/v2\/posts"}],"about":[{"href":"https:\/\/www.egemtv.com\/index.php?rest_route=\/wp\/v2\/types\/post"}],"author":[{"embeddable":true,"href":"https:\/\/www.egemtv.com\/index.php?rest_route=\/wp\/v2\/users\/1"}],"replies":[{"embeddable":true,"href":"https:\/\/www.egemtv.com\/index.php?rest_route=%2Fwp%2Fv2%2Fcomments&post=30291"}],"version-history":[{"count":1,"href":"https:\/\/www.egemtv.com\/index.php?rest_route=\/wp\/v2\/posts\/30291\/revisions"}],"predecessor-version":[{"id":30293,"href":"https:\/\/www.egemtv.com\/index.php?rest_route=\/wp\/v2\/posts\/30291\/revisions\/30293"}],"wp:featuredmedia":[{"embeddable":true,"href":"https:\/\/www.egemtv.com\/index.php?rest_route=\/wp\/v2\/media\/30292"}],"wp:attachment":[{"href":"https:\/\/www.egemtv.com\/index.php?rest_route=%2Fwp%2Fv2%2Fmedia&parent=30291"}],"wp:term":[{"taxonomy":"category","embeddable":true,"href":"https:\/\/www.egemtv.com\/index.php?rest_route=%2Fwp%2Fv2%2Fcategories&post=30291"},{"taxonomy":"post_tag","embeddable":true,"href":"https:\/\/www.egemtv.com\/index.php?rest_route=%2Fwp%2Fv2%2Ftags&post=30291"}],"curies":[{"name":"wp","href":"https:\/\/api.w.org\/{rel}","templated":true}]}}