{"id":30288,"date":"2025-05-20T23:37:36","date_gmt":"2025-05-20T20:37:36","guid":{"rendered":"https:\/\/www.egemtv.com\/?p=30288"},"modified":"2025-05-20T23:37:37","modified_gmt":"2025-05-20T20:37:37","slug":"42-suctan-aranan-zanli-jasat-tarafindan-yakalandi","status":"publish","type":"post","link":"https:\/\/www.egemtv.com\/?p=30288","title":{"rendered":"42 su\u00e7tan aranan zanl\u0131 JASAT taraf\u0131ndan yakaland\u0131"},"content":{"rendered":"<p>Manisa\u2019n\u0131n Yunusemre il\u00e7esinde, hakk\u0131nda h\u0131rs\u0131zl\u0131k su\u00e7undan kesinle\u015fmi\u015f 20 y\u0131l 6 ay hapis cezas\u0131 bulunan ve 42 ayr\u0131 su\u00e7 kayd\u0131 oldu\u011fu tespit edilen \u015fah\u0131s jandarma ekiplerince yakaland\u0131.<br \/>\n<br \/>Manisa \u0130l Jandarma Komutanl\u0131\u011f\u0131\u2019na ba\u011fl\u0131 Jandarma Su\u00e7 Ara\u015ft\u0131rma Timi (JASAT) ve Muradiye Organize Sanayi B\u00f6lgesi Jandarma Karakolu ekipleri taraf\u0131ndan 20 May\u0131s tarihinde ger\u00e7ekle\u015ftirilen operasyonda, S.K. (30) isimli erkek \u015fah\u0131s g\u00f6zalt\u0131na al\u0131nd\u0131.<br \/>\n<br \/>H\u0131rs\u0131zl\u0131k su\u00e7undan uzun s\u00fcredir aranan S.K., i\u015flemlerinin ard\u0131ndan adli makamlara sevk edildi. Mahkemece tutuklanan \u015fah\u0131s, Manisa T Tipi Kapal\u0131 Ceza \u0130nfaz Kurumu\u2019na teslim edildi.<br \/><\/p>\n","protected":false},"excerpt":{"rendered":"<p>Manisa\u2019n\u0131n Yunusemre il\u00e7esinde, hakk\u0131nda h\u0131rs\u0131zl\u0131k su\u00e7undan kesinle\u015fmi\u015f 20 y\u0131l 6 ay hapis cezas\u0131 bulunan ve 42 ayr\u0131 su\u00e7 kayd\u0131 oldu\u011fu tespit edilen \u015fah\u0131s jandarma ekiplerince yakaland\u0131. Manisa \u0130l Jandarma Komutanl\u0131\u011f\u0131\u2019na ba\u011fl\u0131 Jandarma Su\u00e7 Ara\u015ft\u0131rma Timi (JASAT) ve Muradiye Organize Sanayi B\u00f6lgesi Jandarma Karakolu ekipleri taraf\u0131ndan 20 May\u0131s tarihinde ger\u00e7ekle\u015ftirilen operasyonda, S.K. (30) isimli erkek \u015fah\u0131s&#8230;<\/p>\n","protected":false},"author":1,"featured_media":30289,"comment_status":"open","ping_status":"open","sticky":false,"template":"","format":"standard","meta":{"_crdt_document":"","footnotes":""},"categories":[5],"tags":[],"class_list":["post-30288","post","type-post","status-publish","format-standard","has-post-thumbnail","hentry","category-asayis"],"_links":{"self":[{"href":"https:\/\/www.egemtv.com\/index.php?rest_route=\/wp\/v2\/posts\/30288","targetHints":{"allow":["GET"]}}],"collection":[{"href":"https:\/\/www.egemtv.com\/index.php?rest_route=\/wp\/v2\/posts"}],"about":[{"href":"https:\/\/www.egemtv.com\/index.php?rest_route=\/wp\/v2\/types\/post"}],"author":[{"embeddable":true,"href":"https:\/\/www.egemtv.com\/index.php?rest_route=\/wp\/v2\/users\/1"}],"replies":[{"embeddable":true,"href":"https:\/\/www.egemtv.com\/index.php?rest_route=%2Fwp%2Fv2%2Fcomments&post=30288"}],"version-history":[{"count":1,"href":"https:\/\/www.egemtv.com\/index.php?rest_route=\/wp\/v2\/posts\/30288\/revisions"}],"predecessor-version":[{"id":30290,"href":"https:\/\/www.egemtv.com\/index.php?rest_route=\/wp\/v2\/posts\/30288\/revisions\/30290"}],"wp:featuredmedia":[{"embeddable":true,"href":"https:\/\/www.egemtv.com\/index.php?rest_route=\/wp\/v2\/media\/30289"}],"wp:attachment":[{"href":"https:\/\/www.egemtv.com\/index.php?rest_route=%2Fwp%2Fv2%2Fmedia&parent=30288"}],"wp:term":[{"taxonomy":"category","embeddable":true,"href":"https:\/\/www.egemtv.com\/index.php?rest_route=%2Fwp%2Fv2%2Fcategories&post=30288"},{"taxonomy":"post_tag","embeddable":true,"href":"https:\/\/www.egemtv.com\/index.php?rest_route=%2Fwp%2Fv2%2Ftags&post=30288"}],"curies":[{"name":"wp","href":"https:\/\/api.w.org\/{rel}","templated":true}]}}