{"id":30282,"date":"2025-05-20T22:54:41","date_gmt":"2025-05-20T19:54:41","guid":{"rendered":"https:\/\/www.egemtv.com\/?p=30282"},"modified":"2025-05-20T22:54:44","modified_gmt":"2025-05-20T19:54:44","slug":"sulama-kanalina-dusen-yabanci-uyruklu-cocuk-hayatini-kaybetti","status":"publish","type":"post","link":"https:\/\/www.egemtv.com\/?p=30282","title":{"rendered":"Sulama kanal\u0131na d\u00fc\u015fen yabanc\u0131 uyruklu \u00e7ocuk hayat\u0131n\u0131 kaybetti"},"content":{"rendered":"<p>Ayd\u0131n\u2019\u0131n K\u00f6\u015fk il\u00e7esinde sulama kanal\u0131na d\u00fc\u015fen 10 ya\u015f\u0131ndaki Suriye uyruklu Eymen Rehhal, hayat\u0131n\u0131 kaybetti.<\/p>\n<p>Olay, K\u00f6\u015fk il\u00e7esi Serdaro\u011flu Mahallesi P\u0131narba\u015f\u0131 mevkiindeki saat 18.00 s\u0131ralar\u0131nda meydana geldi. Edinilen bilgiye g\u00f6re sulama kanal\u0131n\u0131n kenar\u0131nda oynayan Eymen Rehhal (10), hen\u00fcz bilinmeyen bir nedenle dengesini kaybederek kanala d\u00fc\u015ft\u00fc. B\u00f6lgede tar\u0131m i\u015f\u00e7isi olarak \u00e7al\u0131\u015ft\u0131\u011f\u0131 \u00f6\u011frenilen ailesi, \u00e7ocuklar\u0131n\u0131n kayboldu\u011funu fark etmesi \u00fczerine durumu 112 Acil \u00c7a\u011fr\u0131 Merkezi\u2019ne bildirdi. \u0130hbar \u00fczerine b\u00f6lgeye jandarma ve sa\u011fl\u0131k ekipleri sevk edildi. K\u0131sa s\u00fcrede olay yerine gelen jandarma ekipleri, yapt\u0131\u011f\u0131 incelemede, k\u00fc\u00e7\u00fck \u00e7ocu\u011fu sulama kanal\u0131nda buldu. Kanala d\u00fc\u015ft\u00fc\u011f\u00fc belirlenen 10 ya\u015f\u0131ndaki Eymen Rehhal, bulundu\u011fu yerden \u00e7\u0131kar\u0131larak sa\u011fl\u0131k ekiplerine teslim edildi. K\u00fc\u00e7\u00fck Eymen, ilk m\u00fcdahalenin ard\u0131ndan ambulansla K\u00f6\u015fk Devlet Hastanesi\u2019ne kald\u0131r\u0131ld\u0131. Rehhal, yap\u0131lan t\u00fcm m\u00fcdahalelere ra\u011fmen kurtar\u0131lamad\u0131. K\u00fc\u00e7\u00fck \u00e7ocu\u011fun ani \u00f6l\u00fcm haberi sonras\u0131nda ailesi yasa bo\u011fulurken, kesin \u00f6l\u00fcm neden yap\u0131lacak otopsi sonras\u0131nda netlik kazanacak. K\u00fc\u00e7\u00fck Eymen\u2019in cenazesi otopsi yap\u0131lmak \u00fczere AD\u00dc Ara\u015ft\u0131rma ve Uygulama Hastanesi\u2019ne g\u00f6t\u00fcr\u00fcld\u00fc. Olayla ilgili soru\u015fturma s\u00fcr\u00fcyor.<br \/><\/p>\n","protected":false},"excerpt":{"rendered":"<p>Ayd\u0131n\u2019\u0131n K\u00f6\u015fk il\u00e7esinde sulama kanal\u0131na d\u00fc\u015fen 10 ya\u015f\u0131ndaki Suriye uyruklu Eymen Rehhal, hayat\u0131n\u0131 kaybetti. Olay, K\u00f6\u015fk il\u00e7esi Serdaro\u011flu Mahallesi P\u0131narba\u015f\u0131 mevkiindeki saat 18.00 s\u0131ralar\u0131nda meydana geldi. Edinilen bilgiye g\u00f6re sulama kanal\u0131n\u0131n kenar\u0131nda oynayan Eymen Rehhal (10), hen\u00fcz bilinmeyen bir nedenle dengesini kaybederek kanala d\u00fc\u015ft\u00fc. B\u00f6lgede tar\u0131m i\u015f\u00e7isi olarak \u00e7al\u0131\u015ft\u0131\u011f\u0131 \u00f6\u011frenilen ailesi, \u00e7ocuklar\u0131n\u0131n kayboldu\u011funu fark etmesi&#8230;<\/p>\n","protected":false},"author":1,"featured_media":30283,"comment_status":"open","ping_status":"open","sticky":false,"template":"","format":"standard","meta":{"_crdt_document":"","footnotes":""},"categories":[5],"tags":[],"class_list":["post-30282","post","type-post","status-publish","format-standard","has-post-thumbnail","hentry","category-asayis"],"_links":{"self":[{"href":"https:\/\/www.egemtv.com\/index.php?rest_route=\/wp\/v2\/posts\/30282","targetHints":{"allow":["GET"]}}],"collection":[{"href":"https:\/\/www.egemtv.com\/index.php?rest_route=\/wp\/v2\/posts"}],"about":[{"href":"https:\/\/www.egemtv.com\/index.php?rest_route=\/wp\/v2\/types\/post"}],"author":[{"embeddable":true,"href":"https:\/\/www.egemtv.com\/index.php?rest_route=\/wp\/v2\/users\/1"}],"replies":[{"embeddable":true,"href":"https:\/\/www.egemtv.com\/index.php?rest_route=%2Fwp%2Fv2%2Fcomments&post=30282"}],"version-history":[{"count":1,"href":"https:\/\/www.egemtv.com\/index.php?rest_route=\/wp\/v2\/posts\/30282\/revisions"}],"predecessor-version":[{"id":30284,"href":"https:\/\/www.egemtv.com\/index.php?rest_route=\/wp\/v2\/posts\/30282\/revisions\/30284"}],"wp:featuredmedia":[{"embeddable":true,"href":"https:\/\/www.egemtv.com\/index.php?rest_route=\/wp\/v2\/media\/30283"}],"wp:attachment":[{"href":"https:\/\/www.egemtv.com\/index.php?rest_route=%2Fwp%2Fv2%2Fmedia&parent=30282"}],"wp:term":[{"taxonomy":"category","embeddable":true,"href":"https:\/\/www.egemtv.com\/index.php?rest_route=%2Fwp%2Fv2%2Fcategories&post=30282"},{"taxonomy":"post_tag","embeddable":true,"href":"https:\/\/www.egemtv.com\/index.php?rest_route=%2Fwp%2Fv2%2Ftags&post=30282"}],"curies":[{"name":"wp","href":"https:\/\/api.w.org\/{rel}","templated":true}]}}