{"id":30279,"date":"2025-05-20T22:34:27","date_gmt":"2025-05-20T19:34:27","guid":{"rendered":"https:\/\/www.egemtv.com\/?p=30279"},"modified":"2025-05-20T22:34:35","modified_gmt":"2025-05-20T19:34:35","slug":"mugladaki-isletmede-yangin","status":"publish","type":"post","link":"https:\/\/www.egemtv.com\/?p=30279","title":{"rendered":"Mu\u011fla\u2019daki i\u015fletmede yang\u0131n"},"content":{"rendered":"<p>Mu\u011fla\u2019n\u0131n Ula il\u00e7esi Akyaka Mahallesi\u2019ndeki bir i\u015fletmede yang\u0131n \u00e7\u0131kt\u0131.<\/p>\n<p>Edinilen bilgiye g\u00f6re, Akyaka Mahallesi\u2019ndeki bir i\u015fletmede hen\u00fcz bilinmeyen bir nedenle yang\u0131n \u00e7\u0131kt\u0131. Yang\u0131n ihbar\u0131 \u00fczerine b\u00f6lgeye Mu\u011fla B\u00fcy\u00fck\u015fehir Belediyesi Ula, Mente\u015fe ve K\u00f6yce\u011fiz itfaiye amirli\u011fi ekipleri sevk edildi. Ekiplerin yang\u0131n\u0131 s\u00f6nd\u00fcrmek i\u00e7in \u00e7al\u0131\u015fmalar\u0131 s\u00fcr\u00fcyor.<br \/><\/p>\n","protected":false},"excerpt":{"rendered":"<p>Mu\u011fla\u2019n\u0131n Ula il\u00e7esi Akyaka Mahallesi\u2019ndeki bir i\u015fletmede yang\u0131n \u00e7\u0131kt\u0131. Edinilen bilgiye g\u00f6re, Akyaka Mahallesi\u2019ndeki bir i\u015fletmede hen\u00fcz bilinmeyen bir nedenle yang\u0131n \u00e7\u0131kt\u0131. Yang\u0131n ihbar\u0131 \u00fczerine b\u00f6lgeye Mu\u011fla B\u00fcy\u00fck\u015fehir Belediyesi Ula, Mente\u015fe ve K\u00f6yce\u011fiz itfaiye amirli\u011fi ekipleri sevk edildi. Ekiplerin yang\u0131n\u0131 s\u00f6nd\u00fcrmek i\u00e7in \u00e7al\u0131\u015fmalar\u0131 s\u00fcr\u00fcyor.<\/p>\n","protected":false},"author":1,"featured_media":30280,"comment_status":"open","ping_status":"open","sticky":false,"template":"","format":"standard","meta":{"_crdt_document":"","footnotes":""},"categories":[5],"tags":[],"class_list":["post-30279","post","type-post","status-publish","format-standard","has-post-thumbnail","hentry","category-asayis"],"_links":{"self":[{"href":"https:\/\/www.egemtv.com\/index.php?rest_route=\/wp\/v2\/posts\/30279","targetHints":{"allow":["GET"]}}],"collection":[{"href":"https:\/\/www.egemtv.com\/index.php?rest_route=\/wp\/v2\/posts"}],"about":[{"href":"https:\/\/www.egemtv.com\/index.php?rest_route=\/wp\/v2\/types\/post"}],"author":[{"embeddable":true,"href":"https:\/\/www.egemtv.com\/index.php?rest_route=\/wp\/v2\/users\/1"}],"replies":[{"embeddable":true,"href":"https:\/\/www.egemtv.com\/index.php?rest_route=%2Fwp%2Fv2%2Fcomments&post=30279"}],"version-history":[{"count":1,"href":"https:\/\/www.egemtv.com\/index.php?rest_route=\/wp\/v2\/posts\/30279\/revisions"}],"predecessor-version":[{"id":30281,"href":"https:\/\/www.egemtv.com\/index.php?rest_route=\/wp\/v2\/posts\/30279\/revisions\/30281"}],"wp:featuredmedia":[{"embeddable":true,"href":"https:\/\/www.egemtv.com\/index.php?rest_route=\/wp\/v2\/media\/30280"}],"wp:attachment":[{"href":"https:\/\/www.egemtv.com\/index.php?rest_route=%2Fwp%2Fv2%2Fmedia&parent=30279"}],"wp:term":[{"taxonomy":"category","embeddable":true,"href":"https:\/\/www.egemtv.com\/index.php?rest_route=%2Fwp%2Fv2%2Fcategories&post=30279"},{"taxonomy":"post_tag","embeddable":true,"href":"https:\/\/www.egemtv.com\/index.php?rest_route=%2Fwp%2Fv2%2Ftags&post=30279"}],"curies":[{"name":"wp","href":"https:\/\/api.w.org\/{rel}","templated":true}]}}