{"id":30276,"date":"2025-05-20T22:14:43","date_gmt":"2025-05-20T19:14:43","guid":{"rendered":"https:\/\/www.egemtv.com\/?p=30276"},"modified":"2025-05-20T22:14:48","modified_gmt":"2025-05-20T19:14:48","slug":"denizli-bir-kibris-gazisini-daha-kaybetti","status":"publish","type":"post","link":"https:\/\/www.egemtv.com\/?p=30276","title":{"rendered":"Denizli bir K\u0131br\u0131s Gazisini daha kaybetti"},"content":{"rendered":"<p>Denizli\u2019nin Tavas il\u00e7esinde ya\u015fayan 72 ya\u015f\u0131ndaki K\u0131br\u0131s Gazisini Osman \u015eenlik hayat\u0131n\u0131 kaybetti. Gaziden gelen ac\u0131 haberle fenala\u015fan e\u015fi hastaneye kald\u0131r\u0131ld\u0131.<\/p>\n<p>Tavas il\u00e7esine ba\u011fl\u0131 Alt\u0131nova Mahallesi\u2019nde ikamet eden K\u0131br\u0131s Gazisi Orman \u015eenlik, bir s\u00fcredir m\u00fccadele etti\u011fi nefes darl\u0131\u011f\u0131 \u015fikayetine ba\u011fl\u0131 olarak ge\u00e7ti\u011fimiz Pazar g\u00fcn\u00fc aniden fenala\u015ft\u0131. Ambulansla Denizli il merkezindeki \u00f6zel bir hastaneye sevk edilen 72 ya\u015f\u0131ndaki gazi, 3 g\u00fcnd\u00fcr  tedavi g\u00f6rd\u00fc\u011f\u00fc yo\u011fun bak\u0131m \u00fcnitesinde hayat\u0131n\u0131 kaybetti. Doktorlar\u0131n t\u00fcm \u00e7abalar\u0131na ra\u011fmen \u00e7oklu organ yetmezli\u011finden hayat\u0131n\u0131 kaybeden gazinin  cenazesi, Tavas Devlet Hastanesi morguna kald\u0131r\u0131ld\u0131. Osman \u015eenlik\u2019in cenazesinin yar\u0131n \u00f6\u011fle vaktinde d\u00fczelecek askeri t\u00f6renle Alt\u0131nova Mahalle Mezarl\u0131\u011f\u0131nda son yolculu\u011funa u\u011furlanaca\u011f\u0131 \u00f6\u011frenildi.<\/p>\n<p>\u00d6te yandan K\u0131br\u0131s Gazisi Osman \u015eenlik\u2019ten gelen ac\u0131 haberi alan 75 ya\u015f\u0131ndaki e\u015fi \u015eerife \u015eenlik de fenala\u015fmas\u0131n\u0131n ard\u0131ndan ambulansla hastaneye kald\u0131r\u0131larak tedavi alt\u0131na al\u0131nd\u0131.<br \/><\/p>\n","protected":false},"excerpt":{"rendered":"<p>Denizli\u2019nin Tavas il\u00e7esinde ya\u015fayan 72 ya\u015f\u0131ndaki K\u0131br\u0131s Gazisini Osman \u015eenlik hayat\u0131n\u0131 kaybetti. Gaziden gelen ac\u0131 haberle fenala\u015fan e\u015fi hastaneye kald\u0131r\u0131ld\u0131. Tavas il\u00e7esine ba\u011fl\u0131 Alt\u0131nova Mahallesi\u2019nde ikamet eden K\u0131br\u0131s Gazisi Orman \u015eenlik, bir s\u00fcredir m\u00fccadele etti\u011fi nefes darl\u0131\u011f\u0131 \u015fikayetine ba\u011fl\u0131 olarak ge\u00e7ti\u011fimiz Pazar g\u00fcn\u00fc aniden fenala\u015ft\u0131. Ambulansla Denizli il merkezindeki \u00f6zel bir hastaneye sevk edilen 72&#8230;<\/p>\n","protected":false},"author":1,"featured_media":30277,"comment_status":"open","ping_status":"open","sticky":false,"template":"","format":"standard","meta":{"_crdt_document":"","footnotes":""},"categories":[5],"tags":[],"class_list":["post-30276","post","type-post","status-publish","format-standard","has-post-thumbnail","hentry","category-asayis"],"_links":{"self":[{"href":"https:\/\/www.egemtv.com\/index.php?rest_route=\/wp\/v2\/posts\/30276","targetHints":{"allow":["GET"]}}],"collection":[{"href":"https:\/\/www.egemtv.com\/index.php?rest_route=\/wp\/v2\/posts"}],"about":[{"href":"https:\/\/www.egemtv.com\/index.php?rest_route=\/wp\/v2\/types\/post"}],"author":[{"embeddable":true,"href":"https:\/\/www.egemtv.com\/index.php?rest_route=\/wp\/v2\/users\/1"}],"replies":[{"embeddable":true,"href":"https:\/\/www.egemtv.com\/index.php?rest_route=%2Fwp%2Fv2%2Fcomments&post=30276"}],"version-history":[{"count":1,"href":"https:\/\/www.egemtv.com\/index.php?rest_route=\/wp\/v2\/posts\/30276\/revisions"}],"predecessor-version":[{"id":30278,"href":"https:\/\/www.egemtv.com\/index.php?rest_route=\/wp\/v2\/posts\/30276\/revisions\/30278"}],"wp:featuredmedia":[{"embeddable":true,"href":"https:\/\/www.egemtv.com\/index.php?rest_route=\/wp\/v2\/media\/30277"}],"wp:attachment":[{"href":"https:\/\/www.egemtv.com\/index.php?rest_route=%2Fwp%2Fv2%2Fmedia&parent=30276"}],"wp:term":[{"taxonomy":"category","embeddable":true,"href":"https:\/\/www.egemtv.com\/index.php?rest_route=%2Fwp%2Fv2%2Fcategories&post=30276"},{"taxonomy":"post_tag","embeddable":true,"href":"https:\/\/www.egemtv.com\/index.php?rest_route=%2Fwp%2Fv2%2Ftags&post=30276"}],"curies":[{"name":"wp","href":"https:\/\/api.w.org\/{rel}","templated":true}]}}