{"id":30273,"date":"2025-05-20T22:14:39","date_gmt":"2025-05-20T19:14:39","guid":{"rendered":"https:\/\/www.egemtv.com\/?p=30273"},"modified":"2025-05-20T22:14:43","modified_gmt":"2025-05-20T19:14:43","slug":"baskan-kiyanc-muglaspora-gelir-getirici-proje-yoksa-biz-de-yokuz","status":"publish","type":"post","link":"https:\/\/www.egemtv.com\/?p=30273","title":{"rendered":"Ba\u015fkan K\u0131yan\u00e7: &#8220;Mu\u011flaspor\u2019a gelir getirici proje yoksa biz de yokuz&#8221;"},"content":{"rendered":"<p>Mu\u011flaspor Kul\u00fcp Ba\u015fkan\u0131 Menaf K\u0131yan\u00e7, 3 Haziran\u2019da ger\u00e7ekle\u015ftirilecek ola\u011fan\u00fcst\u00fc kongre \u00f6ncesi aday olup olmayaca\u011f\u0131 konusunda a\u00e7\u0131klama yapt\u0131.<\/p>\n<p>Ba\u015fkan K\u0131yan\u00e7, &#8220;Ki\u015fiye de\u011fil sisteme dayal\u0131 bir yap\u0131 in\u015fa etmeliyiz. \u00c7ok k\u0131sa bir s\u00fcre i\u00e7inde aday olup olmayaca\u011f\u0131m\u0131za karar verece\u011fiz. \u015euan y\u00fczde 70 aday olmak istemiyorum. Bu ilin yetkilileri, kul\u00fcple ilgili kal\u0131c\u0131 projeler \u00f6nermeliler. Bu kente ait olan kaynaklar\u0131, Mu\u011flaspor\u2019a verilsin ve biz oray\u0131 kiralayal\u0131m, i\u015fletelim&#8221; dedi.<\/p>\n<p>&#8220;T\u00fcm siyasi ve b\u00fcrokratlar bir masa etraf\u0131nda Mu\u011flaspor\u2019un gelece\u011fini konu\u015fmal\u0131y\u0131z&#8221;<br \/>\n<br \/>&#8220;Mu\u011fla\u2019n\u0131n kaynaklar\u0131n\u0131n bir k\u0131sm\u0131 bu sosyal projelere aktar\u0131lmal\u0131 ve kal\u0131c\u0131 gelirler elde etmeliyiz&#8221; diyen K\u0131yan\u00e7, &#8220;Ki\u015filere dayal\u0131 s\u00fcrekli bir ba\u015far\u0131 olamaz. T\u00fcm siyasilerin bir masa etraf\u0131nda topland\u0131\u011f\u0131 bir toplant\u0131 talep ediyoruz. Mu\u011flaspor\u2019un gelece\u011fi bu masada belirlenmeli. Mu\u011flaspor\u2019un bu ligde kal\u0131c\u0131 olmas\u0131 gerekiyor. Do\u011fru bir planlama gerekiyor. Toplam gelirimiz 10 milyon lira. Bu gelirle 180 milyon liral\u0131k m\u00fccadeleci, \u015fampiyonlu\u011fa oynayan bir tak\u0131m kurmak imkans\u0131z&#8221; ifadelerini kulland\u0131.<\/p>\n<p>&#8220;Mant\u0131kl\u0131 projelerle gelecek olan varsa devretmeye haz\u0131r\u0131z&#8221;<br \/>\n<br \/>K\u0131yan\u00e7, &#8220;Maddi manevi ciddi \u015fekilde yoruldum. Bu i\u015fi gelecek y\u0131llarda yapmak istemiyorum. \u015euan Mu\u011flaspor\u2019un kazanc\u0131n\u0131n ve ba\u015far\u0131s\u0131n\u0131n kimse fark\u0131nda de\u011fil. \u0130zah edilebilir, mant\u0131kl\u0131 projelerle gelen herkese biz bu i\u015fi devretmeye haz\u0131r\u0131z.  Mu\u011fla\u2019n\u0131n en b\u00fcy\u00fck sivil toplum \u00f6rg\u00fct\u00fc olan Mu\u011flaspor, bu \u015fehrin ortak de\u011feri fakat bu ortak de\u011fer i\u00e7in bir araya gelinmiyor. Bu kul\u00fcp Menaf K\u0131yan\u00e7\u2019\u0131n de\u011fil. Mu\u011flaspor\u2019un d\u0131\u015faar\u0131ya \u015fuan 1 lira borcu yok. Bu kentin art\u0131k bir lobisi olmas\u0131 gerekiyor. Mu\u011flaspor d\u0131\u015f\u0131nda ba\u015fkana dayal\u0131 bir y\u00f6netim \u015fekli yok&#8221; dedi.<\/p>\n<p>Ba\u015fkan K\u0131yan\u00e7, &#8220;Gelecek y\u0131l transfer yapamad\u0131ktan sonra bu iki y\u0131ll\u0131k ba\u015far\u0131y\u0131 neden karalayal\u0131m. Bu kent ve bu kenti y\u00f6netenlerden bu deste\u011fi istiyoruz&#8221; diye konu\u015ftu.<br \/><\/p>\n","protected":false},"excerpt":{"rendered":"<p>Mu\u011flaspor Kul\u00fcp Ba\u015fkan\u0131 Menaf K\u0131yan\u00e7, 3 Haziran\u2019da ger\u00e7ekle\u015ftirilecek ola\u011fan\u00fcst\u00fc kongre \u00f6ncesi aday olup olmayaca\u011f\u0131 konusunda a\u00e7\u0131klama yapt\u0131. Ba\u015fkan K\u0131yan\u00e7, &#8220;Ki\u015fiye de\u011fil sisteme dayal\u0131 bir yap\u0131 in\u015fa etmeliyiz. \u00c7ok k\u0131sa bir s\u00fcre i\u00e7inde aday olup olmayaca\u011f\u0131m\u0131za karar verece\u011fiz. \u015euan y\u00fczde 70 aday olmak istemiyorum. Bu ilin yetkilileri, kul\u00fcple ilgili kal\u0131c\u0131 projeler \u00f6nermeliler. Bu kente ait olan&#8230;<\/p>\n","protected":false},"author":1,"featured_media":30274,"comment_status":"open","ping_status":"open","sticky":false,"template":"","format":"standard","meta":{"_crdt_document":"","footnotes":""},"categories":[4],"tags":[],"class_list":["post-30273","post","type-post","status-publish","format-standard","has-post-thumbnail","hentry","category-spor"],"_links":{"self":[{"href":"https:\/\/www.egemtv.com\/index.php?rest_route=\/wp\/v2\/posts\/30273","targetHints":{"allow":["GET"]}}],"collection":[{"href":"https:\/\/www.egemtv.com\/index.php?rest_route=\/wp\/v2\/posts"}],"about":[{"href":"https:\/\/www.egemtv.com\/index.php?rest_route=\/wp\/v2\/types\/post"}],"author":[{"embeddable":true,"href":"https:\/\/www.egemtv.com\/index.php?rest_route=\/wp\/v2\/users\/1"}],"replies":[{"embeddable":true,"href":"https:\/\/www.egemtv.com\/index.php?rest_route=%2Fwp%2Fv2%2Fcomments&post=30273"}],"version-history":[{"count":1,"href":"https:\/\/www.egemtv.com\/index.php?rest_route=\/wp\/v2\/posts\/30273\/revisions"}],"predecessor-version":[{"id":30275,"href":"https:\/\/www.egemtv.com\/index.php?rest_route=\/wp\/v2\/posts\/30273\/revisions\/30275"}],"wp:featuredmedia":[{"embeddable":true,"href":"https:\/\/www.egemtv.com\/index.php?rest_route=\/wp\/v2\/media\/30274"}],"wp:attachment":[{"href":"https:\/\/www.egemtv.com\/index.php?rest_route=%2Fwp%2Fv2%2Fmedia&parent=30273"}],"wp:term":[{"taxonomy":"category","embeddable":true,"href":"https:\/\/www.egemtv.com\/index.php?rest_route=%2Fwp%2Fv2%2Fcategories&post=30273"},{"taxonomy":"post_tag","embeddable":true,"href":"https:\/\/www.egemtv.com\/index.php?rest_route=%2Fwp%2Fv2%2Ftags&post=30273"}],"curies":[{"name":"wp","href":"https:\/\/api.w.org\/{rel}","templated":true}]}}