{"id":30270,"date":"2025-05-20T21:54:56","date_gmt":"2025-05-20T18:54:56","guid":{"rendered":"https:\/\/www.egemtv.com\/?p=30270"},"modified":"2025-05-20T21:55:00","modified_gmt":"2025-05-20T18:55:00","slug":"denizli-cerkes-dernegi-cerkes-soykiriminin-taninmasini-istedi","status":"publish","type":"post","link":"https:\/\/www.egemtv.com\/?p=30270","title":{"rendered":"Denizli \u00c7erkes Derne\u011fi, \u00c7erkes Soyk\u0131r\u0131m\u0131n\u0131n tan\u0131nmas\u0131n\u0131 istedi"},"content":{"rendered":"<p>DEN\u0130ZL\u0130 (\u0130HA) \u2013 Denizli \u00c7erkes Derne\u011fi, tarihi adaletsizli\u011fin resmi d\u00fczeyde yerini bulmas\u0131, \u00c7erkes s\u00fcrg\u00fcn ve soyk\u0131r\u0131m\u0131n\u0131n resmi olarak tan\u0131nmas\u0131 i\u00e7in T\u00fcrkiye B\u00fcy\u00fck Millet Meclisi\u2019ne (TBMM) ba\u015fvuruda bulundu. Dernek Ba\u015fkan\u0131 Erkan E\u015f, &#8220;T\u00fcrkiye Cumhuriyeti taraf\u0131ndan net olarak \u00c7erkes s\u00fcrg\u00fcn ve soyk\u0131r\u0131m\u0131n\u0131n tan\u0131nmas\u0131n\u0131 istiyoruz&#8221; dedi.<\/p>\n<p>Denizli \u00c7erkes Derne\u011fi olarak, tarihi adaletsizli\u011fin art\u0131k resmi d\u00fczeyde de yerini bulmas\u0131 i\u00e7in bir \u00e7al\u0131\u015fma ba\u015flatt\u0131klar\u0131n\u0131 belirten Denizli \u00c7erkes Derne\u011fi Ba\u015fkan\u0131 Erkan E\u015f, &#8220;300 y\u0131l s\u00fcren \u00c7erkes-Rus sava\u015f\u0131n\u0131n son bulmas\u0131 s\u00fcrecine kadar ya\u015fanan, Ruslar taraf\u0131ndan atalar\u0131m\u0131za uygulanan \u00c7erkes soyk\u0131r\u0131m\u0131, bizler i\u00e7in sadece ge\u00e7mi\u015fin trajedisi de\u011fil, ayn\u0131 zamanda gelece\u011fin de sorumlulu\u011fudur. Her y\u0131l 21 May\u0131s\u2019lar da \u00e7e\u015fitli kurumlar\u0131m\u0131z taraf\u0131ndan baz\u0131 anma etkinlikleri d\u00fczenlenmektedir. Ancak bu \u00c7erkes soyk\u0131r\u0131m\u0131 ile ilgili yap\u0131lan \u00e7al\u0131\u015fmalar\u0131n, ayn\u0131 zamanda somut ad\u0131mlarla da desteklenmesi gerekti\u011fi bir ger\u00e7ektir. Bu sebeple bizler de Denizli \u00c7erkes Derne\u011fi olarak, tarihi adaletsizli\u011fin art\u0131k resmi d\u00fczeyde de yerini bulmas\u0131 i\u00e7in bir \u00e7al\u0131\u015fma ba\u015flatt\u0131k. Bu inan\u00e7la daha \u00f6nce G\u00fcrcistan Parlamentosu, Ukrayna Parlamentosu taraf\u0131ndan tan\u0131nan \u00c7erkes soyk\u0131r\u0131m\u0131n\u0131n, T\u00fcrkiye B\u00fcy\u00fck Millet Meclisi\u2019ne ba\u015fvurumuzla, T\u00fcrkiye Cumhuriyeti Devletimizden de tan\u0131nmas\u0131 i\u00e7in bir resmi talipte bulunduk. Bu talebimizde net olarak \u00c7erkes s\u00fcrg\u00fcn ve soyk\u0131r\u0131m\u0131n\u0131n tan\u0131nmas\u0131n\u0131 istiyoruz. Att\u0131\u011f\u0131m\u0131z bu ad\u0131mla birlikte, di\u011fer \u00c7erkes kurumlar\u0131m\u0131z\u0131n da bu minvalde devletler d\u00fczeyinde ad\u0131mlar atmas\u0131n\u0131 sa\u011flamak ve b\u00fct\u00fcn \u00c7erkes halk\u0131n\u0131n, b\u00fct\u00fcn T\u00fcrkiye halk\u0131n\u0131n, bu soyk\u0131r\u0131mdan, bu insanl\u0131k d\u0131\u015f\u0131 ya\u015fanan katliamdan haberdar olmas\u0131n\u0131 sa\u011flamakt\u0131r. D\u00fcnyadaki en \u00e7ok \u00c7erkes n\u00fcfusunun ya\u015fad\u0131\u011f\u0131 T\u00fcrkiye Cumhuriyeti\u2019nde de \u00c7erkes yurtta\u015flar\u0131n\u0131n bu talebini g\u00f6rmezden gelmemesini ve bu minvalde ad\u0131mlar at\u0131lmas\u0131n\u0131 ger\u00e7ekten i\u00e7tenlikle bekliyoruz&#8221; ifadelerini kulland\u0131.<\/p>\n<p>Ba\u015fkan Er\u2019den davet<br \/>\n<br \/>Ba\u015fkan Er, 21 May\u0131s 1864 \u00c7erkes Soyk\u0131r\u0131m\u0131 ve S\u00fcrg\u00fcn\u00fcn\u00fcn 161.y\u0131l d\u00f6n\u00fcm\u00fc nedeniyle ger\u00e7ekle\u015fecek anma t\u00f6renine t\u00fcm Denizlilileri davet etti. Erkan E\u015f, anma t\u00f6reni kapsam\u0131nda 21 May\u0131s \u00c7ar\u015famba g\u00fcn\u00fc saat 19.00\u2019da Atat\u00fcrk Park\u0131ndan ba\u015flayacak olan y\u00fcr\u00fcy\u00fc\u015f\u00fcn Denizli B\u00fcy\u00fck\u015fehir Belediyesi \u00f6n\u00fcnde son bulaca\u011f\u0131n\u0131 ve burada konutla ilgili a\u00e7\u0131klama yap\u0131laca\u011f\u0131n\u0131 s\u00f6yledi.<br \/><\/p>\n","protected":false},"excerpt":{"rendered":"<p>DEN\u0130ZL\u0130 (\u0130HA) \u2013 Denizli \u00c7erkes Derne\u011fi, tarihi adaletsizli\u011fin resmi d\u00fczeyde yerini bulmas\u0131, \u00c7erkes s\u00fcrg\u00fcn ve soyk\u0131r\u0131m\u0131n\u0131n resmi olarak tan\u0131nmas\u0131 i\u00e7in T\u00fcrkiye B\u00fcy\u00fck Millet Meclisi\u2019ne (TBMM) ba\u015fvuruda bulundu. Dernek Ba\u015fkan\u0131 Erkan E\u015f, &#8220;T\u00fcrkiye Cumhuriyeti taraf\u0131ndan net olarak \u00c7erkes s\u00fcrg\u00fcn ve soyk\u0131r\u0131m\u0131n\u0131n tan\u0131nmas\u0131n\u0131 istiyoruz&#8221; dedi. Denizli \u00c7erkes Derne\u011fi olarak, tarihi adaletsizli\u011fin art\u0131k resmi d\u00fczeyde de yerini bulmas\u0131&#8230;<\/p>\n","protected":false},"author":1,"featured_media":30271,"comment_status":"open","ping_status":"open","sticky":false,"template":"","format":"standard","meta":{"_crdt_document":"","footnotes":""},"categories":[123],"tags":[],"class_list":["post-30270","post","type-post","status-publish","format-standard","has-post-thumbnail","hentry","category-gundem"],"_links":{"self":[{"href":"https:\/\/www.egemtv.com\/index.php?rest_route=\/wp\/v2\/posts\/30270","targetHints":{"allow":["GET"]}}],"collection":[{"href":"https:\/\/www.egemtv.com\/index.php?rest_route=\/wp\/v2\/posts"}],"about":[{"href":"https:\/\/www.egemtv.com\/index.php?rest_route=\/wp\/v2\/types\/post"}],"author":[{"embeddable":true,"href":"https:\/\/www.egemtv.com\/index.php?rest_route=\/wp\/v2\/users\/1"}],"replies":[{"embeddable":true,"href":"https:\/\/www.egemtv.com\/index.php?rest_route=%2Fwp%2Fv2%2Fcomments&post=30270"}],"version-history":[{"count":1,"href":"https:\/\/www.egemtv.com\/index.php?rest_route=\/wp\/v2\/posts\/30270\/revisions"}],"predecessor-version":[{"id":30272,"href":"https:\/\/www.egemtv.com\/index.php?rest_route=\/wp\/v2\/posts\/30270\/revisions\/30272"}],"wp:featuredmedia":[{"embeddable":true,"href":"https:\/\/www.egemtv.com\/index.php?rest_route=\/wp\/v2\/media\/30271"}],"wp:attachment":[{"href":"https:\/\/www.egemtv.com\/index.php?rest_route=%2Fwp%2Fv2%2Fmedia&parent=30270"}],"wp:term":[{"taxonomy":"category","embeddable":true,"href":"https:\/\/www.egemtv.com\/index.php?rest_route=%2Fwp%2Fv2%2Fcategories&post=30270"},{"taxonomy":"post_tag","embeddable":true,"href":"https:\/\/www.egemtv.com\/index.php?rest_route=%2Fwp%2Fv2%2Ftags&post=30270"}],"curies":[{"name":"wp","href":"https:\/\/api.w.org\/{rel}","templated":true}]}}