{"id":30267,"date":"2025-05-20T20:15:26","date_gmt":"2025-05-20T17:15:26","guid":{"rendered":"https:\/\/www.egemtv.com\/?p=30267"},"modified":"2025-05-20T20:15:31","modified_gmt":"2025-05-20T17:15:31","slug":"baskan-cercioglu-ege-bolgesi-belediye-baskanlarini-agirladi","status":"publish","type":"post","link":"https:\/\/www.egemtv.com\/?p=30267","title":{"rendered":"Ba\u015fkan \u00c7er\u00e7io\u011flu, Ege B\u00f6lgesi Belediye Ba\u015fkanlar\u0131n\u0131 a\u011f\u0131rlad\u0131"},"content":{"rendered":"<p>CHP\u2019li Ege B\u00f6lgesi Belediye Ba\u015fkanlar\u0131 Ayd\u0131n B\u00fcy\u00fck\u015fehir Belediye Ba\u015fkan\u0131 \u00d6zlem \u00c7er\u00e7io\u011flu ev sahipli\u011finde bir araya geldi.<\/p>\n<p>Ayd\u0131n B\u00fcy\u00fck\u015fehir Belediye Ba\u015fkan\u0131 \u00d6zlem \u00c7er\u00e7io\u011flu, CHP Yerel Y\u00f6netimler ve Diren\u00e7li Kentlerden Sorumlu Genel Ba\u015fkan Yard\u0131mc\u0131s\u0131 ve \u0130stanbul Milletvekili G\u00f6kan Zeybek, Malatya Milletvekili Veli A\u011fbaba ve beraberindeki Ege B\u00f6lgesi Belediye Ba\u015fkanlar\u0131n\u0131 Ayd\u0131n\u2019da a\u011f\u0131rlad\u0131. Ayd\u0131n\u2019da bir araya gelen heyet yerel y\u00f6netimler hakk\u0131nda fikir al\u0131\u015fveri\u015finde bulundu.<\/p>\n<p>Ayd\u0131n B\u00fcy\u00fck\u015fehir Belediye Ba\u015fkan\u0131 \u00d6zlem \u00c7er\u00e7io\u011flu sosyal medya hesab\u0131 \u00fczerinden yapt\u0131\u011f\u0131 payla\u015f\u0131mda, &#8220;CHP Yerel Y\u00f6netimler ve Diren\u00e7li Kentlerden Sorumlu Genel Ba\u015fkan Yard\u0131mc\u0131m\u0131z ve \u0130stanbul Milletvekilimiz G\u00f6kan Zeybek, Malatya Milletvekilimiz Veli A\u011fbaba, \u0130zmir B\u00fcy\u00fck\u015fehir Belediye Ba\u015fkan\u0131m\u0131z Cemil Tugay, Manisa B\u00fcy\u00fck\u015fehir Belediye Ba\u015fkan\u0131m\u0131z Ferdi Zeyrek, Mu\u011fla B\u00fcy\u00fck\u015fehir Belediye Ba\u015fkan\u0131m\u0131z Ahmet Aras, Denizli B\u00fcy\u00fck\u015fehir Belediye Ba\u015fkan\u0131m\u0131z B\u00fclent Nuri \u00c7avu\u015fo\u011flu, Afyonkarahisar Belediye Ba\u015fkan\u0131m\u0131z Burcu K\u00f6ksal, U\u015fak Belediye Ba\u015fkan\u0131m\u0131z \u00d6zkan Yal\u0131m ve K\u00fctahya Belediye Ba\u015fkan\u0131m\u0131z Ey\u00fcp Kahveci\u2019yi belediyemizde a\u011f\u0131rlad\u0131k. Nazik ziyaretlerinden dolay\u0131 kendilerine te\u015fekk\u00fcr ediyorum&#8221; dedi.<br \/><\/p>\n","protected":false},"excerpt":{"rendered":"<p>CHP\u2019li Ege B\u00f6lgesi Belediye Ba\u015fkanlar\u0131 Ayd\u0131n B\u00fcy\u00fck\u015fehir Belediye Ba\u015fkan\u0131 \u00d6zlem \u00c7er\u00e7io\u011flu ev sahipli\u011finde bir araya geldi. Ayd\u0131n B\u00fcy\u00fck\u015fehir Belediye Ba\u015fkan\u0131 \u00d6zlem \u00c7er\u00e7io\u011flu, CHP Yerel Y\u00f6netimler ve Diren\u00e7li Kentlerden Sorumlu Genel Ba\u015fkan Yard\u0131mc\u0131s\u0131 ve \u0130stanbul Milletvekili G\u00f6kan Zeybek, Malatya Milletvekili Veli A\u011fbaba ve beraberindeki Ege B\u00f6lgesi Belediye Ba\u015fkanlar\u0131n\u0131 Ayd\u0131n\u2019da a\u011f\u0131rlad\u0131. Ayd\u0131n\u2019da bir araya gelen heyet yerel&#8230;<\/p>\n","protected":false},"author":1,"featured_media":30268,"comment_status":"open","ping_status":"open","sticky":false,"template":"","format":"standard","meta":{"_crdt_document":"","footnotes":""},"categories":[1],"tags":[],"class_list":["post-30267","post","type-post","status-publish","format-standard","has-post-thumbnail","hentry","category-guncel"],"_links":{"self":[{"href":"https:\/\/www.egemtv.com\/index.php?rest_route=\/wp\/v2\/posts\/30267","targetHints":{"allow":["GET"]}}],"collection":[{"href":"https:\/\/www.egemtv.com\/index.php?rest_route=\/wp\/v2\/posts"}],"about":[{"href":"https:\/\/www.egemtv.com\/index.php?rest_route=\/wp\/v2\/types\/post"}],"author":[{"embeddable":true,"href":"https:\/\/www.egemtv.com\/index.php?rest_route=\/wp\/v2\/users\/1"}],"replies":[{"embeddable":true,"href":"https:\/\/www.egemtv.com\/index.php?rest_route=%2Fwp%2Fv2%2Fcomments&post=30267"}],"version-history":[{"count":1,"href":"https:\/\/www.egemtv.com\/index.php?rest_route=\/wp\/v2\/posts\/30267\/revisions"}],"predecessor-version":[{"id":30269,"href":"https:\/\/www.egemtv.com\/index.php?rest_route=\/wp\/v2\/posts\/30267\/revisions\/30269"}],"wp:featuredmedia":[{"embeddable":true,"href":"https:\/\/www.egemtv.com\/index.php?rest_route=\/wp\/v2\/media\/30268"}],"wp:attachment":[{"href":"https:\/\/www.egemtv.com\/index.php?rest_route=%2Fwp%2Fv2%2Fmedia&parent=30267"}],"wp:term":[{"taxonomy":"category","embeddable":true,"href":"https:\/\/www.egemtv.com\/index.php?rest_route=%2Fwp%2Fv2%2Fcategories&post=30267"},{"taxonomy":"post_tag","embeddable":true,"href":"https:\/\/www.egemtv.com\/index.php?rest_route=%2Fwp%2Fv2%2Ftags&post=30267"}],"curies":[{"name":"wp","href":"https:\/\/api.w.org\/{rel}","templated":true}]}}