{"id":30264,"date":"2025-05-20T19:55:43","date_gmt":"2025-05-20T16:55:43","guid":{"rendered":"https:\/\/www.egemtv.com\/?p=30264"},"modified":"2025-05-20T19:55:51","modified_gmt":"2025-05-20T16:55:51","slug":"fethiyede-derede-mahsur-kalan-kopek-kurtarildi","status":"publish","type":"post","link":"https:\/\/www.egemtv.com\/?p=30264","title":{"rendered":"Fethiye\u2019de derede mahsur kalan k\u00f6pek kurtar\u0131ld\u0131"},"content":{"rendered":"<p>Fethiye\u2019de kaybolan 12 ya\u015f\u0131ndaki &#8220;Ate\u015f&#8221; isimli k\u00f6pek, dere yata\u011f\u0131nda s\u0131k\u0131\u015ft\u0131\u011f\u0131 yerden AKUT Fethiye Ekibi taraf\u0131ndan ba\u015far\u0131l\u0131 bir operasyonla kurtar\u0131ld\u0131.<\/p>\n<p>Fethiye\u2019nin \u00c7enger K\u00f6y\u00fc\u2019nde, 2 g\u00fcn \u00f6nce 12 ya\u015f\u0131ndaki Golden Retriever cinsi &#8220;Ate\u015f&#8221; isimli k\u00f6pek kayboldu.  Sahipleri, k\u00f6pe\u011fi bulmak i\u00e7in arama \u00e7al\u0131\u015fmas\u0131 ba\u015flatt\u0131. Aramalar sonucunda, &#8220;Ate\u015f&#8221; isimli k\u00f6pek dere yata\u011f\u0131nda sarp ve ula\u015f\u0131lmas\u0131 g\u00fc\u00e7 bir noktada bulundu. Vatanda\u015flar kendi imkanlar\u0131yla k\u00f6pe\u011fi kurtaramad\u0131. Bunun \u00fczerine,  Arama Kurtarma Derne\u011fi (AKUT) Fethiye Ekibi\u2019nden yard\u0131m istendi. \u0130smail Madak liderli\u011findeki 5 ki\u015filik ekip, olay yerine h\u0131zl\u0131ca intikal etti.Zorlu arazi \u015fartlar\u0131na ra\u011fmen, AKUT ekibi ba\u015far\u0131l\u0131 bir operasyon ger\u00e7ekle\u015ftirerek k\u00f6pe\u011fi g\u00fcvenli bir \u015fekilde bulundu\u011fu noktadan \u00e7\u0131kard\u0131. K\u00f6pek sahibine teslim edildi.<br \/><\/p>\n","protected":false},"excerpt":{"rendered":"<p>Fethiye\u2019de kaybolan 12 ya\u015f\u0131ndaki &#8220;Ate\u015f&#8221; isimli k\u00f6pek, dere yata\u011f\u0131nda s\u0131k\u0131\u015ft\u0131\u011f\u0131 yerden AKUT Fethiye Ekibi taraf\u0131ndan ba\u015far\u0131l\u0131 bir operasyonla kurtar\u0131ld\u0131. Fethiye\u2019nin \u00c7enger K\u00f6y\u00fc\u2019nde, 2 g\u00fcn \u00f6nce 12 ya\u015f\u0131ndaki Golden Retriever cinsi &#8220;Ate\u015f&#8221; isimli k\u00f6pek kayboldu. Sahipleri, k\u00f6pe\u011fi bulmak i\u00e7in arama \u00e7al\u0131\u015fmas\u0131 ba\u015flatt\u0131. Aramalar sonucunda, &#8220;Ate\u015f&#8221; isimli k\u00f6pek dere yata\u011f\u0131nda sarp ve ula\u015f\u0131lmas\u0131 g\u00fc\u00e7 bir noktada bulundu&#8230;.<\/p>\n","protected":false},"author":1,"featured_media":30265,"comment_status":"open","ping_status":"open","sticky":false,"template":"","format":"standard","meta":{"_crdt_document":"","footnotes":""},"categories":[5],"tags":[],"class_list":["post-30264","post","type-post","status-publish","format-standard","has-post-thumbnail","hentry","category-asayis"],"_links":{"self":[{"href":"https:\/\/www.egemtv.com\/index.php?rest_route=\/wp\/v2\/posts\/30264","targetHints":{"allow":["GET"]}}],"collection":[{"href":"https:\/\/www.egemtv.com\/index.php?rest_route=\/wp\/v2\/posts"}],"about":[{"href":"https:\/\/www.egemtv.com\/index.php?rest_route=\/wp\/v2\/types\/post"}],"author":[{"embeddable":true,"href":"https:\/\/www.egemtv.com\/index.php?rest_route=\/wp\/v2\/users\/1"}],"replies":[{"embeddable":true,"href":"https:\/\/www.egemtv.com\/index.php?rest_route=%2Fwp%2Fv2%2Fcomments&post=30264"}],"version-history":[{"count":1,"href":"https:\/\/www.egemtv.com\/index.php?rest_route=\/wp\/v2\/posts\/30264\/revisions"}],"predecessor-version":[{"id":30266,"href":"https:\/\/www.egemtv.com\/index.php?rest_route=\/wp\/v2\/posts\/30264\/revisions\/30266"}],"wp:featuredmedia":[{"embeddable":true,"href":"https:\/\/www.egemtv.com\/index.php?rest_route=\/wp\/v2\/media\/30265"}],"wp:attachment":[{"href":"https:\/\/www.egemtv.com\/index.php?rest_route=%2Fwp%2Fv2%2Fmedia&parent=30264"}],"wp:term":[{"taxonomy":"category","embeddable":true,"href":"https:\/\/www.egemtv.com\/index.php?rest_route=%2Fwp%2Fv2%2Fcategories&post=30264"},{"taxonomy":"post_tag","embeddable":true,"href":"https:\/\/www.egemtv.com\/index.php?rest_route=%2Fwp%2Fv2%2Ftags&post=30264"}],"curies":[{"name":"wp","href":"https:\/\/api.w.org\/{rel}","templated":true}]}}