{"id":30261,"date":"2025-05-20T19:55:38","date_gmt":"2025-05-20T16:55:38","guid":{"rendered":"https:\/\/www.egemtv.com\/?p=30261"},"modified":"2025-05-20T19:55:43","modified_gmt":"2025-05-20T16:55:43","slug":"tff-kadinlar-3-liginde-bandirmagucu-spor-kulubu-yari-finale-yukseldi","status":"publish","type":"post","link":"https:\/\/www.egemtv.com\/?p=30261","title":{"rendered":"TFF Kad\u0131nlar 3. Ligi\u2019nde Band\u0131rmag\u00fcc\u00fc Spor Kul\u00fcb\u00fc yar\u0131 finale y\u00fckseldi"},"content":{"rendered":"<p>TFF Kad\u0131nlar 3. Ligi Play-Off \u00e7eyrek finalinde Band\u0131rmag\u00fcc\u00fc Spor Kul\u00fcb\u00fc ile Bornova Gen\u00e7 Y\u0131ld\u0131zlar Spor Kul\u00fcb\u00fc, Soma Atat\u00fcrk Stad\u0131\u2019nda kar\u015f\u0131 kar\u015f\u0131ya geldi. Normal s\u00fcresi ve uzatma dakikalar\u0131 gols\u00fcz berabere tamamlanan ma\u00e7ta seri penalt\u0131 at\u0131\u015flar\u0131 sonucu Band\u0131rmag\u00fcc\u00fc Spor Kul\u00fcb\u00fc, rakibini 5-4 ma\u011flup ederek yar\u0131 finale y\u00fckseldi.<br \/>\n<br \/>beIN SPORTS, \u2018Amat\u00f6r Ruh, Profesyonel Destek\u2019 slogan\u0131yla hayata ge\u00e7irdi\u011fi beIN SQUAD projesinde yer alan Band\u0131rmag\u00fcc\u00fc Spor Kul\u00fcb\u00fc ile Bornova Gen\u00e7 Y\u0131ld\u0131zlar Spor Kul\u00fcb\u00fc, TFF Kad\u0131nlar 3. Ligi Play-Off \u00e7eyrek finalinde Manisa\u2019n\u0131n Soma il\u00e7esindeki Atat\u00fcrk Stad\u0131\u2019nda kar\u015f\u0131la\u015ft\u0131. \u0130lk yar\u0131s\u0131 gols\u00fcz tamamlanan kar\u015f\u0131la\u015fman\u0131n ikinci yar\u0131s\u0131nda Band\u0131rmag\u00fcc\u00fc Spor Kul\u00fcb\u00fc bask\u0131n\u0131 artt\u0131rd\u0131 ancak ma\u00e7\u0131n normal s\u00fcresinde gol sesi \u00e7\u0131kmad\u0131. Kar\u015f\u0131l\u0131kl\u0131 ataklarla ge\u00e7en uzatma dakikalar\u0131nda da gol olmay\u0131nca ma\u00e7ta penalt\u0131 at\u0131\u015flar\u0131na ge\u00e7ildi. Seri penalt\u0131 at\u0131\u015flar\u0131nda Band\u0131rmag\u00fcc\u00fc Spor Kul\u00fcb\u00fc, rakibini 5-4 ma\u011flup ederek TFF Kad\u0131nlar 3. Ligi Play-Off Yar\u0131 Finali\u2019ne y\u00fckseldi.<\/p>\n<p>Ma\u00e7 sonras\u0131 b\u00fcy\u00fck mutluluk<br \/>\n<br \/>Penalt\u0131 at\u0131\u015flar\u0131nda yapt\u0131\u011f\u0131 kurtar\u0131\u015flarla tak\u0131m\u0131n\u0131n bir \u00fcst tura \u00e7\u0131kmas\u0131n\u0131 sa\u011flayan Band\u0131rmag\u00fcc\u00fc Spor Kul\u00fcb\u00fc kalecisi Ezgi K\u0131sa, &#8220;Buraya gelmeden \u00f6nce \u00e7ok heyecanl\u0131yd\u0131k. Uzun zamand\u0131r haz\u0131rlan\u0131yoruz. Yakla\u015f\u0131k 8 ayd\u0131r antrenman halindeyiz. Ma\u00e7lara \u00e7\u0131k\u0131yoruz. \u00c7ok fazla ertelemelerimiz oldu. Rakibimiz de ayn\u0131 \u015fekilde. Bug\u00fcn farkl\u0131 bir rakiple \u00e7\u0131kal\u0131m isterdim. El ele beraber olal\u0131m. \u00c7\u00fcnk\u00fc fair-play m\u00fccadelesinde \u00e7ok g\u00fczel bir ma\u00e7 oldu. Onlara da ba\u015far\u0131lar diliyorum, \u00e7ok mutluyum. Tak\u0131m arkada\u015flar\u0131m\u0131n da aya\u011f\u0131na sa\u011fl\u0131k&#8221; dedi.<br \/>\n<br \/>Ma\u00e7\u0131n ard\u0131ndan a\u00e7\u0131klamalarda bulunan Band\u0131rmag\u00fcc\u00fc Spor Kul\u00fcb\u00fc Antren\u00f6r\u00fc Metin K\u00f6k, &#8220;\u00c7ok gururluyum. Rakibimiz inan\u0131lmaz iyi bir tak\u0131md\u0131. Bu ma\u00e7lar \u00e7ok sert ma\u00e7lard\u0131r. En ufak hata \u00e7ok pahal\u0131ya mal olur. Rakibimizi de tebrik ediyorum. Oyuncular\u0131mla gurur duyuyorum, \u00e7ok zor bir ma\u00e7 oldu. K\u0131smet bizeymi\u015f. \u0130n\u015fallah 2. Lig\u2019e \u00e7\u0131kar\u0131z&#8221; diye konu\u015ftu.<\/p>\n<p>beIN SQUAD amat\u00f6r tak\u0131mlar\u0131n yan\u0131nda<br \/>\n<br \/>beIN SPORTS\u2019un Fransa\u2019da ba\u015flatt\u0131\u011f\u0131 ve T\u00fcrkiye\u2019de de hayata ge\u00e7irdi\u011fi beIN SQUAD projesi; &#8220;Amat\u00f6r Ruh, Profesyonel Destek&#8221; mottosuyla kad\u0131n, engelli ve erkek toplam 50 amat\u00f6r futbol kul\u00fcb\u00fcne forma deste\u011fi sa\u011fl\u0131yor. Ekipman tedari\u011fiyle projeyi s\u0131n\u0131rlamayan beIN SPORTS, proje kapsam\u0131nda yer alan tak\u0131mlara medya g\u00fcc\u00fcyle de destek veriyor. \u0130ki haftada bir \u00c7ar\u015famba 19.00\u2019da beIN SPORTS HABER\u2019de yay\u0131nlanan beIN SQUAD program\u0131nda kul\u00fcplerin seslerini duyurmas\u0131na ve kendilerini anlatmas\u0131na yard\u0131mc\u0131 oluyor. Ayr\u0131ca beIN SPORTS resmi web sitesinde de projede yer alan tak\u0131mlar\u0131n m\u00fccadele haberleri d\u00fczenli olarak sporseverlere aktar\u0131l\u0131yor.<br \/><\/p>\n","protected":false},"excerpt":{"rendered":"<p>TFF Kad\u0131nlar 3. Ligi Play-Off \u00e7eyrek finalinde Band\u0131rmag\u00fcc\u00fc Spor Kul\u00fcb\u00fc ile Bornova Gen\u00e7 Y\u0131ld\u0131zlar Spor Kul\u00fcb\u00fc, Soma Atat\u00fcrk Stad\u0131\u2019nda kar\u015f\u0131 kar\u015f\u0131ya geldi. Normal s\u00fcresi ve uzatma dakikalar\u0131 gols\u00fcz berabere tamamlanan ma\u00e7ta seri penalt\u0131 at\u0131\u015flar\u0131 sonucu Band\u0131rmag\u00fcc\u00fc Spor Kul\u00fcb\u00fc, rakibini 5-4 ma\u011flup ederek yar\u0131 finale y\u00fckseldi. beIN SPORTS, \u2018Amat\u00f6r Ruh, Profesyonel Destek\u2019 slogan\u0131yla hayata ge\u00e7irdi\u011fi beIN&#8230;<\/p>\n","protected":false},"author":1,"featured_media":30262,"comment_status":"open","ping_status":"open","sticky":false,"template":"","format":"standard","meta":{"_crdt_document":"","footnotes":""},"categories":[4],"tags":[],"class_list":["post-30261","post","type-post","status-publish","format-standard","has-post-thumbnail","hentry","category-spor"],"_links":{"self":[{"href":"https:\/\/www.egemtv.com\/index.php?rest_route=\/wp\/v2\/posts\/30261","targetHints":{"allow":["GET"]}}],"collection":[{"href":"https:\/\/www.egemtv.com\/index.php?rest_route=\/wp\/v2\/posts"}],"about":[{"href":"https:\/\/www.egemtv.com\/index.php?rest_route=\/wp\/v2\/types\/post"}],"author":[{"embeddable":true,"href":"https:\/\/www.egemtv.com\/index.php?rest_route=\/wp\/v2\/users\/1"}],"replies":[{"embeddable":true,"href":"https:\/\/www.egemtv.com\/index.php?rest_route=%2Fwp%2Fv2%2Fcomments&post=30261"}],"version-history":[{"count":1,"href":"https:\/\/www.egemtv.com\/index.php?rest_route=\/wp\/v2\/posts\/30261\/revisions"}],"predecessor-version":[{"id":30263,"href":"https:\/\/www.egemtv.com\/index.php?rest_route=\/wp\/v2\/posts\/30261\/revisions\/30263"}],"wp:featuredmedia":[{"embeddable":true,"href":"https:\/\/www.egemtv.com\/index.php?rest_route=\/wp\/v2\/media\/30262"}],"wp:attachment":[{"href":"https:\/\/www.egemtv.com\/index.php?rest_route=%2Fwp%2Fv2%2Fmedia&parent=30261"}],"wp:term":[{"taxonomy":"category","embeddable":true,"href":"https:\/\/www.egemtv.com\/index.php?rest_route=%2Fwp%2Fv2%2Fcategories&post=30261"},{"taxonomy":"post_tag","embeddable":true,"href":"https:\/\/www.egemtv.com\/index.php?rest_route=%2Fwp%2Fv2%2Ftags&post=30261"}],"curies":[{"name":"wp","href":"https:\/\/api.w.org\/{rel}","templated":true}]}}